{"id":250,"date":"2026-08-19T13:21:21","date_gmt":"2026-08-19T11:21:21","guid":{"rendered":"https:\/\/apjd-rdc.org\/?p=250"},"modified":"2026-08-19T20:51:25","modified_gmt":"2026-08-19T18:51:25","slug":"mot-de-circonctance-a-loccasion-de-la-sortie-officielle-de-lapjd","status":"publish","type":"post","link":"https:\/\/apjd-rdc.org\/index.php\/2026\/08\/19\/mot-de-circonctance-a-loccasion-de-la-sortie-officielle-de-lapjd\/","title":{"rendered":"MOT DE CIRCONCTANCE \u00c0 L\u2019OCCASION DE LA SORTIE OFFICIELLE DE L\u2019APJD"},"content":{"rendered":"<p><strong>Excellences Mesdames et Messieurs les Ambassadeurs<\/strong> et Chefs de Missions Diplomatiques accr\u00e9dit\u00e9s en R\u00e9publique D\u00e9mocratique du Congo,<\/p>\n<p><strong>Mesdames et Messieurs les Repr\u00e9sentants R\u00e9sidents<\/strong> des Organisations Internationales \u0153uvrant en R\u00e9publique D\u00e9mocratique du Congo,<\/p>\n<p><strong>Monsieur le Pr\u00e9sident<\/strong> de la Commission Nationale des Droits de l'Homme (CNDH),<\/p>\n<p><strong>Monsieur le Secr\u00e9taire G\u00e9n\u00e9ral<\/strong> de la Conf\u00e9rence \u00c9piscopale Nationale du Congo (CENCO),<\/p>\n<p>Monsieur le Secr\u00e9taire G\u00e9n\u00e9ral aux Droits Humains,<\/p>\n<p>Monsieur le Secr\u00e9taire G\u00e9n\u00e9ral \u00e0 la Justice,<\/p>\n<p><strong>Monsieur le Gouverneur<\/strong> de la Ville-Province de Kinshasa,<\/p>\n<p><strong>Distingu\u00e9s invit\u00e9s<\/strong>, en vos titres, grades et qualit\u00e9s respectifs,<\/p>\n<p>C\u2019est avec un profond sentiment d\u2019honneur et une haute conscience de nos responsabilit\u00e9s que je prends la parole en ce jour m\u00e9morable, qui marque la sortie officielle de l\u2019<strong>Association Africaine pour la Paix, la Justice et le D\u00e9veloppement<\/strong> (\u00ab APJD \u00bb en sigle). Notre organisation se consacre pleinement \u00e0 la promotion, \u00e0 la protection et \u00e0 la d\u00e9fense des droits fondamentaux reconnus en R\u00e9publique D\u00e9mocratique du Congo.<\/p>\n<p>\u00c0 l\u2019entame de mon propos, je tiens \u00e0 vous souhaiter la plus cordiale bienvenue et \u00e0 exprimer ma profonde gratitude \u00e0 l\u2019ensemble des hautes autorit\u00e9s et des participants ici r\u00e9unis.<\/p>\n<p>Malgr\u00e9 vos agendas particuli\u00e8rement charg\u00e9s, vous avez tenu \u00e0 honorer de votre pr\u00e9sence \u00e0 cette c\u00e9r\u00e9monie de lancement officiel. Votre participation t\u00e9moigne de votre soutien ind\u00e9fectible et de votre engagement constant en faveur de la cause des droits de l'homme et du bien-\u00eatre de la population congolaise.<\/p>\n<p>Permettez-moi \u00e9galement d\u2019adresser mes sinc\u00e8res remerciements aux autorit\u00e9s de la R\u00e9publique, tout particuli\u00e8rement \u00e0 <strong>Son Excellence Monsieur le Ministre des Droits Humains<\/strong> avec l\u2019accompagnement se son secr\u00e9tariat g\u00e9n\u00e9ral, ainsi qu'\u00e0 <strong>Son Excellence Monsieur le Ministre d'\u00c9tat, Ministre de la Justice et Garde des Sceaux<\/strong>.<\/p>\n<p>Nous saluons leur diligence administrative qui a permis l\u2019enregistrement de notre structure en qualit\u00e9 d'organisation non gouvernementale de d\u00e9fense des droits de l\u2019homme \u0153uvrant sur le territoire national. <strong>\u00a0<\/strong><\/p>\n<p>Distingu\u00e9s invit\u00e9s,<\/p>\n<p>Mesdames et Messieurs,<\/p>\n<p>La pr\u00e9sente c\u00e9r\u00e9monie d\u00e9passe le cadre d\u2019un simple \u00e9v\u00e9nement protocolaire. Elle symbolise un engagement ferme et un acte de foi en la dignit\u00e9 humaine, la justice, l\u2019\u00e9galit\u00e9 et l\u2019\u00c9tat de droit. Cet av\u00e8nement intervient dans un contexte national caract\u00e9ris\u00e9s par :<\/p>\n<ol>\n<li>Des violations r\u00e9currentes des droits humains,<\/li>\n<li>Des in\u00e9galit\u00e9s sociales profondes,<\/li>\n<li>L\u2019acc\u00e8s encore limit\u00e9 \u00e0 la justice pour les vuln\u00e9rables,<\/li>\n<li>Des dysfonctionnements \u00e9lectoraux persistants ;<\/li>\n<li>Des conflits intercommunautaires li\u00e9s \u00e0 l\u2019ignorance des droits par les communaut\u00e9s locales.<\/li>\n<\/ol>\n<p>La cr\u00e9ation de l\u2019APJD incarne ainsi un espoir renouvel\u00e9 pour nos communaut\u00e9s.<\/p>\n<p>Sur le plan l\u00e9gal, notre organisation a \u00e9t\u00e9 constitu\u00e9e conform\u00e9ment \u00e0 la <strong>Loi n\u00b0 004\/2001 du 20 juillet 2001<\/strong> portant dispositions g\u00e9n\u00e9rales applicables aux associations sans but lucratif et aux \u00e9tablissements d\u2019utilit\u00e9 publique en R\u00e9publique D\u00e9mocratique du Congo.<\/p>\n<p>L\u2019Association Africaine pour la Paix, la Justice et le D\u00e9veloppement se donne pour noble mission de porter la voix des victimes, de leur assurer un accompagnement juridique et social, de sensibiliser les citoyens \u00e0 la connaissance de leurs droits et devoirs, et de concourir, par des actions pacifiques et constructives, \u00e0 l\u2019av\u00e8nement d\u2019une soci\u00e9t\u00e9 plus \u00e9quitable. Choisir le domaine des droits de l'homme est une exigence parfois complexe, mais fondamentalement vertueuse. C\u2019est accepter de servir la justice avec abn\u00e9gation, quelles que soient les emb\u00fbches.<\/p>\n<p>Notre champ d\u2019action strat\u00e9gique englobe la promotion des droits humains \u00e0 travers plusieurs secteurs cl\u00e9s :<\/p>\n<ol>\n<li><strong>Justice et \u00c9tat de droit<\/strong> par un accompagnement juridique et monitoring des cas de violation des droits humains ainsi qu\u2019une documentation.<\/li>\n<li><strong>Promotion et protection des droits <\/strong>par la sensibilisation de la population \u00e0 la connaissance de leurs droits et le m\u00e9canisme de les d\u00e9fendre ;<\/li>\n<li><strong>Sociaux-\u00e9conomiques<\/strong> : Promotion des droits \u00e0 la sant\u00e9, \u00e0 l\u2019\u00e9ducation et au travail.<\/li>\n<li><strong>Environnement et gouvernance<\/strong> : Surveillance de l'impact \u00e9cologique et de la gestion des ressources naturelles.<\/li>\n<li><strong>Processus \u00e9lectoraux<\/strong> : Sensibilisation au civisme \u00e9lectoral et observation des scrutins.<\/li>\n<\/ol>\n<p>Ces axes d\u2019intervention sont garantis par la Constitution de la R\u00e9publique D\u00e9mocratique du Congo ainsi que par les instruments juridiques r\u00e9gionaux et internationaux ratifi\u00e9s par notre pays.<\/p>\n<p>Bien que son si\u00e8ge soit \u00e0 Kinshasa, l\u2019APJD va d\u00e9ployer ses activit\u00e9s sur toute l\u2019\u00e9tendue du territoire national, avec la perspective d'\u00e9tendre son action \u00e0 d\u2019autres \u00c9tats africains.<\/p>\n<p><strong>\u00a0<\/strong>Mesdames et Messieurs,<\/p>\n<p>Il me para\u00eet opportun de lever ici toute \u00e9quivoque quant \u00e0 la perception du concept \u00ab ONG de d\u00e9fense des droits de l\u2019homme \u00bb. Une telle organisation n\u2019est ni une structure de l\u2019opposition politique, ni un groupe de pression partisan.<\/p>\n<p>L\u2019APJD comme ONG de d\u00e9fense des droits, \u0153uvre rigoureusement \u00e0 :<\/p>\n<ol>\n<li><strong> Identifier et documenter<\/strong> les cas de violation des droits de l\u2019homme,<\/li>\n<\/ol>\n<h1>2. Formuler des rapports objectifs et des recommandations constructives,<\/h1>\n<ol start=\"3\">\n<li><strong> Collaborer techniquement<\/strong> avec le Gouvernement via les Minist\u00e8re des Droits Humains et de la Justices ainsi que la CNDH pour faciliter la prise des d\u00e9cisions et des mesures idoines.<\/li>\n<\/ol>\n<p>L\u2019Association Africaine pour la Paix, la Justice et le D\u00e9veloppement s'inscrit ici comme un partenaire institutionnel direct et un collaborateur technique de l'\u00c9tat en mati\u00e8re de droits humains. Aux termes de la doctrine internationale, l\u2019expression \u00ab d\u00e9fenseur des droits humains \u00bb d\u00e9signe toute personne qui, individuellement ou en association avec d\u2019autres, \u0153uvre de mani\u00e8re pacifique \u00e0 la promotion et \u00e0 la protection des libert\u00e9s fondamentales.<\/p>\n<p>Le d\u00e9fenseur des droits de l\u2019homme exerce librement ses activit\u00e9s sur le territoire national, dans le strict respect des lois et r\u00e8glements de la R\u00e9publique. Cette libert\u00e9 et cette responsabilit\u00e9 sont formellement garanties et encadr\u00e9es par la <strong>Loi n\u00b0 23\/027 du 15 juin 2023<\/strong> relative \u00e0 la protection et \u00e0 la responsabilit\u00e9 du d\u00e9fenseur des droits de l\u2019homme en R\u00e9publique D\u00e9mocratique du Congo.<\/p>\n<p>Notre grille d'\u00e9valuation et d'intervention se focalisera sur l'ensemble des situations critiques, notamment :<\/p>\n<ol>\n<li>Les ex\u00e9cutions sommaires et la torture,<\/li>\n<li>Les arrestations et d\u00e9tentions arbitraires,<\/li>\n<li>Les violences bas\u00e9es sur le genre et les mutilations g\u00e9nitales,<\/li>\n<li>Les expulsions forc\u00e9es et les conditions d'emploi pr\u00e9caires,<\/li>\n<li>L'impact environnemental d'une mauvaise gestion des ressources naturelles ;<\/li>\n<\/ol>\n<p>Nous d\u00e9fendrons des droits aussi fondamentaux que le droit \u00e0 la vie, \u00e0 l\u2019alimentation, \u00e0 l\u2019eau potable, \u00e0 un logement convenable, \u00e0 l\u2019\u00e9ducation, \u00e0 la libert\u00e9 de circulation, \u00e0 la libert\u00e9 d'expression et au civisme \u00e9lectoral. Une attention particuli\u00e8re sera accord\u00e9e aux cat\u00e9gories de personnes vuln\u00e9rables ou marginalis\u00e9es ci-apr\u00e8s :<\/p>\n<ol>\n<li>Les femmes et les enfants,<\/li>\n<li>Les peuples autochtones,<\/li>\n<li>Les r\u00e9fugi\u00e9s et les d\u00e9plac\u00e9s internes,<\/li>\n<li>Les personnes vivant avec un handicap et les minorit\u00e9s.<\/li>\n<\/ol>\n<p>Ces droits sont-ils effectivement prot\u00e9g\u00e9s ? Qui en sont les auteurs de violations ? Quelles sont les victimes et quels m\u00e9canismes permettent d'\u00e9tablir les responsabilit\u00e9s afin de leur garantir une r\u00e9paration \u00e9quitable ?<\/p>\n<p>\u00c0 toutes ces pr\u00e9occupations l\u00e9gitimes, l\u2019APJD s\u2019efforcera d'apporter des r\u00e9ponses pr\u00e9cises, gr\u00e2ce \u00e0 des strat\u00e9gies rigoureuses, des enqu\u00eates de terrain objectives et des propositions de r\u00e9formes ad\u00e9quates.<\/p>\n<p>Excellences,<\/p>\n<p>Distingu\u00e9s invit\u00e9s,<\/p>\n<p>Mesdames et Messieurs,<\/p>\n<p>La R\u00e9publique D\u00e9mocratique du Congo fait face actuellement \u00e0 une crise s\u00e9curitaire et humanitaire sans pr\u00e9c\u00e9dent.<\/p>\n<p><strong>Dans la partie orientale du pays<\/strong> : Depuis pr\u00e8s de trois d\u00e9cennies, cette r\u00e9gion subit de multiples conflits arm\u00e9s aux cons\u00e9quences humanitaires dramatiques, caract\u00e9ris\u00e9s par des massacres r\u00e9currents de populations civiles, des violences sexuelles massives bas\u00e9es sur le genre, le pillage organis\u00e9 des ressources naturelles et la destruction des infrastructures socio\u00e9conomiques de base. Cette instabilit\u00e9 chronique fragilise l'autorit\u00e9 de l'\u00c9tat et le respect des droits humains.<\/p>\n<p><strong>Dans la partie Ouest du pays<\/strong> : La milice d\u00e9nomm\u00e9e \u00ab Mobondo \u00bb s\u00e8me la terreur depuis 2022 et propage l'ins\u00e9curit\u00e9 jusqu'aux abords de la capitale Kinshasa, entra\u00eenant de graves violations des droits humains au sein des communaut\u00e9s locales avec plus de 5 mille morts et plusieurs personnes d\u00e9plac\u00e9es.<\/p>\n<p>Afin de mettre un terme \u00e0 ces atrocit\u00e9s, il s'av\u00e8re imp\u00e9ratif d'approfondir l'analyse des causes profondes de l\u2019existence de ces r\u00e9bellions \u00e0 l'Est et de la milice Mobondo \u00e0 l'Ouest du pays.<\/p>\n<p>Comprendre leurs m\u00e9canismes, leurs revendications et leurs motivations est le pr\u00e9alable indispensable \u00e0 la mise en place d'un processus de paix global et durable.<\/p>\n<p>La paix et la s\u00e9curit\u00e9 constituent les piliers directeurs du d\u00e9veloppement ; il ne saurait y avoir de progr\u00e8s \u00e9conomique et social sans stabilit\u00e9 durable. C\u2019est pourquoi, l\u2019heure est venue pour que les acteurs cl\u00e9s de cette crise humanitaire et s\u00e9curitaire disposent d'un cadre de r\u00e9flexion strat\u00e9gique d\u00e9di\u00e9 \u00e0 la restauration de la paix en R\u00e9publique D\u00e9mocratique du Congo.<\/p>\n<p>La promotion et la protection des droits de l\u2019homme rel\u00e8vent d'une responsabilit\u00e9 collective ; elles ne sauraient \u00eatre l\u2019apanage d\u2019un seul acteur. C\u2019est dans cet esprit que nous encourageons et soutenons formellement l\u2019appel au <strong>Dialogue national inclusif<\/strong> lanc\u00e9 par le Chef de l\u2019\u00c9tat.<\/p>\n<p>Notre pays traverse depuis plusieurs d\u00e9cennies des crises politiques, s\u00e9curitaires, \u00e9conomiques et sociales complexes qui fragilisent la coh\u00e9sion nationale, freinent l'\u00e9lan de d\u00e9veloppement et compromettent l'avenir des g\u00e9n\u00e9rations futures. Face \u00e0 cette r\u00e9alit\u00e9, il est devenu indispensable de privil\u00e9gier la recherche de solutions consensuelles plut\u00f4t que la confrontation st\u00e9rile. C'est dans cette perspective que l'APJD r\u00e9affirme son soutien \u00e0 l'organisation du <strong>Dialogue national inclusif<\/strong>. Ce forum doit r\u00e9unir :<\/p>\n<ol>\n<li>La Majorit\u00e9 au pouvoir,<\/li>\n<li>Les forces politiques de l\u2019Opposition,<\/li>\n<li>La soci\u00e9t\u00e9 civile et les confessions religieuses,<\/li>\n<li>Les mouvements de jeunes et de femmes,<\/li>\n<li>Les autorit\u00e9s coutumi\u00e8res et les repr\u00e9sentants des communaut\u00e9s locales.<\/li>\n<\/ol>\n<p><strong>\u00a0<\/strong><\/p>\n<p>Les trois principaux axes pouvant garantir une paix durable s'articulent de la mani\u00e8re suivante<\/p>\n<p><strong>1. La gouvernance du processus \u00e9lectoral <\/strong><\/p>\n<p>Les crises \u00e9lectorales r\u00e9currentes demeurent l'une des principales sources de conflictualit\u00e9 en R\u00e9publique D\u00e9mocratique du Congo. Il est donc indispensable d'engager un d\u00e9bat de fond sur la gestion des scrutins afin de renforcer la transparence, l'ind\u00e9pendance des institutions \u00e9lectorales, la cr\u00e9dibilit\u00e9 des op\u00e9rations et l'acceptation des r\u00e9sultats par toutes les parties prenantes. Des \u00e9lections int\u00e8gres constituent le fondement de la stabilit\u00e9 politique et de la paix durable.<\/p>\n<p>Actuellement au sein de notre parlement, nous avons des d\u00e9put\u00e9s \u00e9lus, non pas par la volont\u00e9 du peuple, souverain primaire, seule d\u00e9tenteur du pouvoir, mais par la volont\u00e9 du l\u00e9gislateur sur base du seuil \u00e9lectoral.<\/p>\n<h1><strong>2. La gouvernance et la gestion des ressources naturelles <\/strong><\/h1>\n<p>La RDC poss\u00e8de d'immenses richesses naturelles qui, malheureusement, n'ont pas encore produit les effets socio\u00e9conomiques attendus pour le bien-\u00eatre des populations. L'exploitation du diamant, de l'or, du cobalt, du cuivre, du coltan et d'autres ressources strat\u00e9giques doit faire l'objet d'un audit et d'un d\u00e9bat national.<\/p>\n<p>\u00c0 titre d'exemple, le diamant a \u00e9t\u00e9 extrait pendant plusieurs d\u00e9cennies sans g\u00e9n\u00e9rer d'investissements structurants ni d'infrastructures durables capables de b\u00e9n\u00e9ficier aux g\u00e9n\u00e9rations pr\u00e9sentes et futures. Cette r\u00e9alit\u00e9 appelle une r\u00e9forme profonde de la gouvernance sectorielle pour faire de nos ressources le v\u00e9ritable moteur du d\u00e9veloppement national.<\/p>\n<h1><strong>3. La consolidation de la paix et de la coh\u00e9sion nationale <\/strong><\/h1>\n<p>Le dialogue devra examiner de pr\u00e8s les m\u00e9canismes de pr\u00e9vention des conflits, de r\u00e9conciliation nationale, de justice transitionnelle et de renforcement du tissu social, afin de b\u00e2tir une paix durable fond\u00e9e sur la justice, l'\u00e9quit\u00e9 et le respect des droits de chacun.<\/p>\n<h1><strong>Mesdames et Messieurs,<\/strong><\/h1>\n<p>Notre d\u00e9marche se veut rigoureuse, constructive et r\u00e9solument patriotique. Elle vise \u00e0 ouvrir un espace de concertation sinc\u00e8re o\u00f9 chaque congolais pourra apporter sa pierre \u00e0 l\u2019\u00e9difice. Pour mat\u00e9rialiser ce soutien \u00e0 la dynamique pr\u00f4n\u00e9e par le Chef de l\u2019\u00c9tat, Son Excellence F\u00e9lix-Antoine Tshisekedi Tshilombo, un cahier de charges d\u00e9taill\u00e9 reprenant l'ensemble de nos analyses, recommandations et propositions concr\u00e8tes sera officiellement d\u00e9pos\u00e9 aupr\u00e8s de la m\u00e9diation afin d'alimenter les travaux des commissions. <strong>Puisse ce dialogue \u00eatre celui de l'esp\u00e9rance, de la responsabilit\u00e9 collective et de la refondation de notre Nation<\/strong>.<\/p>\n<p>L\u2019APJD s\u2019\u00e9rige comme une structure de neutralit\u00e9, d\u2019ind\u00e9pendance et d\u2019int\u00e9grit\u00e9. Elle \u0153uvre dans le strict respect des lois de la R\u00e9publique et des instruments juridiques internationaux relatifs aux droits de l\u2019homme.<\/p>\n<p>Nous profitons de l\u2019occasion pour vous informons qu'un bulletin hebdomadaire sur la situation des droits de l\u2019homme sera publi\u00e9 r\u00e9guli\u00e8rement et t\u00e9l\u00e9chargeable sur notre site internet officiel : <a href=\"http:\/\/www.apjd-rdc.org\/\"><strong>www.apjd<\/strong><\/a><a href=\"http:\/\/www.apjd-rdc.org\/\"><strong>-<\/strong><\/a><a href=\"http:\/\/www.apjd-rdc.org\/\"><strong>rdc.org<\/strong><\/a><a href=\"http:\/\/www.apjd-rdc.org\/\">.<\/a><\/p>\n<p>Mesdames et Messieurs<\/p>\n<p>Connaitre ses droits, les faire respecter et d\u00e9fendre ceux qui ne peuvent pas se d\u00e9fendre ; telle est notre responsabilit\u00e9 collective.<\/p>\n<p>Que vive la R\u00e9publique d\u00e9mocratique du Congo ;<\/p>\n<p>Que vive les droits humains ;<\/p>\n<p><strong>Que vive l\u2019Association Africaine pour la paix, la justice et le d\u00e9veloppement. <\/strong><\/p>\n<p>&nbsp;<\/p>\n<p>Je vous remercie !<\/p>\n<p>&nbsp;<\/p>\n<p>&nbsp;<\/p>\n<p>Pour toute collaboration ou information compl\u00e9mentaire, vous pouvez nous contacter via nos canaux officiels :<\/p>\n<p><strong>T\u00e9l\u00e9phone<\/strong> : +243 815728833<\/p>\n<p><strong>E-mail<\/strong> : <u>ongdhapjd@gmail.com<\/u> ou <u>contact@apjd-rdc.org<\/u><\/p>\n<p>Site web : <a href=\"http:\/\/www.apjd-rdc.org\/\">www<\/a><a href=\"http:\/\/www.apjd-rdc.org\/\">.<\/a><a href=\"http:\/\/www.apjd-rdc.org\/\">apjd<\/a><a href=\"http:\/\/www.apjd-rdc.org\/\">-<\/a><a href=\"http:\/\/www.apjd-rdc.org\/\">rdc<\/a><a href=\"http:\/\/www.apjd-rdc.org\/\">.<\/a><a href=\"http:\/\/www.apjd-rdc.org\/\">org<\/a><\/p>\n<p><strong>Si\u00e8ge social<\/strong> : Avenue de la Plaine n\u00b05, Quartier Masiala, Commune de Limete, Kinshasa (RDC).<\/p>\n<p><strong>\u00a0<\/strong><\/p>\n<h1>Ma\u00eetre Barth\u00e9lemy NGWANGU<\/h1>\n<p>&nbsp;<\/p>\n<p><em>Coordonnateur National<\/em><\/p>\n","protected":false},"excerpt":{"rendered":"<p>Excellences Mesdames et Messieurs les Ambassadeurs et Chefs de Missions Diplomatiques accr\u00e9dit\u00e9s en R\u00e9publique D\u00e9mocratique du Congo, Mesdames et Messieurs les Repr\u00e9sentants R\u00e9sidents des Organisations Internationales \u0153uvrant en R\u00e9publique D\u00e9mocratique du Congo, Monsieur le Pr\u00e9sident de la Commission Nationale des Droits de l'Homme (CNDH), Monsieur le Secr\u00e9taire G\u00e9n\u00e9ral de la Conf\u00e9rence \u00c9piscopale Nationale du Congo [&hellip;]<\/p>\n","protected":false},"author":1,"featured_media":108,"comment_status":"open","ping_status":"open","sticky":false,"template":"","format":"standard","meta":{"sns_share_botton_hide":"","vkExUnit_sns_title":"","_vk_print_noindex":"","sitemap_hide":"","_veu_custom_css":"","veu_display_promotion_alert":"common","vkexunit_cta_each_option":"","_lightning_design_setting":{"layout":"default"},"footnotes":""},"categories":[3],"tags":[],"class_list":["post-250","post","type-post","status-publish","format-standard","has-post-thumbnail","hentry","category-publications"],"veu_head_title_object":{"title":"","add_site_title":""},"yoast_head":"<!-- This site is optimized with the Yoast SEO plugin v28.4 - https:\/\/yoast.com\/product\/yoast-seo-wordpress\/ -->\n<title>MOT DE CIRCONCTANCE \u00c0 L\u2019OCCASION DE LA SORTIE OFFICIELLE DE L\u2019APJD - ASSOCIATION AFRICAINE POUR LA PAIX, LA JUSTICE ET LE DEVELOPPEMENT<\/title>\n<meta name=\"robots\" content=\"index, follow, max-snippet:-1, max-image-preview:large, max-video-preview:-1\" \/>\n<link rel=\"canonical\" href=\"https:\/\/apjd-rdc.org\/index.php\/2026\/08\/19\/mot-de-circonctance-a-loccasion-de-la-sortie-officielle-de-lapjd\/\" \/>\n<meta property=\"og:locale\" content=\"fr_FR\" \/>\n<meta property=\"og:type\" content=\"article\" \/>\n<meta property=\"og:title\" content=\"MOT DE CIRCONCTANCE \u00c0 L\u2019OCCASION DE LA SORTIE OFFICIELLE DE L\u2019APJD - ASSOCIATION AFRICAINE POUR LA PAIX, LA JUSTICE ET LE DEVELOPPEMENT\" \/>\n<meta property=\"og:description\" content=\"Excellences Mesdames et Messieurs les Ambassadeurs et Chefs de Missions Diplomatiques accr\u00e9dit\u00e9s en R\u00e9publique D\u00e9mocratique du Congo, Mesdames et Messieurs les Repr\u00e9sentants R\u00e9sidents des Organisations Internationales \u0153uvrant en R\u00e9publique D\u00e9mocratique du Congo, Monsieur le Pr\u00e9sident de la Commission Nationale des Droits de l&#039;Homme (CNDH), Monsieur le Secr\u00e9taire G\u00e9n\u00e9ral de la Conf\u00e9rence \u00c9piscopale Nationale du Congo [&hellip;]\" \/>\n<meta property=\"og:url\" content=\"https:\/\/apjd-rdc.org\/index.php\/2026\/08\/19\/mot-de-circonctance-a-loccasion-de-la-sortie-officielle-de-lapjd\/\" \/>\n<meta property=\"og:site_name\" content=\"ASSOCIATION AFRICAINE POUR LA PAIX, LA JUSTICE ET LE DEVELOPPEMENT\" \/>\n<meta property=\"article:published_time\" content=\"2026-08-19T11:21:21+00:00\" \/>\n<meta property=\"article:modified_time\" content=\"2026-08-19T18:51:25+00:00\" \/>\n<meta property=\"og:image\" content=\"https:\/\/apjd-rdc.org\/wp-content\/uploads\/2026\/07\/cropped-LOGO-222-1.jpg\" \/>\n\t<meta property=\"og:image:width\" content=\"512\" \/>\n\t<meta property=\"og:image:height\" content=\"512\" \/>\n\t<meta property=\"og:image:type\" content=\"image\/jpeg\" \/>\n<meta name=\"author\" content=\"admin\" \/>\n<meta name=\"twitter:card\" content=\"summary_large_image\" \/>\n<meta name=\"twitter:label1\" content=\"\u00c9crit par\" \/>\n\t<meta name=\"twitter:data1\" content=\"admin\" \/>\n\t<meta name=\"twitter:label2\" content=\"Dur\u00e9e de lecture estim\u00e9e\" \/>\n\t<meta name=\"twitter:data2\" content=\"11 minutes\" \/>\n<script type=\"application\/ld+json\" class=\"yoast-schema-graph\">{\"@context\":\"https:\\\/\\\/schema.org\",\"@graph\":[{\"@type\":\"Article\",\"@id\":\"https:\\\/\\\/apjd-rdc.org\\\/index.php\\\/2026\\\/08\\\/19\\\/mot-de-circonctance-a-loccasion-de-la-sortie-officielle-de-lapjd\\\/#article\",\"isPartOf\":{\"@id\":\"https:\\\/\\\/apjd-rdc.org\\\/index.php\\\/2026\\\/08\\\/19\\\/mot-de-circonctance-a-loccasion-de-la-sortie-officielle-de-lapjd\\\/\"},\"author\":{\"name\":\"admin\",\"@id\":\"https:\\\/\\\/apjd-rdc.org\\\/#\\\/schema\\\/person\\\/087d0fd3395b171e56b921bd96342e7a\"},\"headline\":\"MOT DE CIRCONCTANCE \u00c0 L\u2019OCCASION DE LA SORTIE OFFICIELLE DE L\u2019APJD\",\"datePublished\":\"2026-08-19T11:21:21+00:00\",\"dateModified\":\"2026-08-19T18:51:25+00:00\",\"mainEntityOfPage\":{\"@id\":\"https:\\\/\\\/apjd-rdc.org\\\/index.php\\\/2026\\\/08\\\/19\\\/mot-de-circonctance-a-loccasion-de-la-sortie-officielle-de-lapjd\\\/\"},\"wordCount\":2331,\"commentCount\":1,\"publisher\":{\"@id\":\"https:\\\/\\\/apjd-rdc.org\\\/#organization\"},\"image\":{\"@id\":\"https:\\\/\\\/apjd-rdc.org\\\/index.php\\\/2026\\\/08\\\/19\\\/mot-de-circonctance-a-loccasion-de-la-sortie-officielle-de-lapjd\\\/#primaryimage\"},\"thumbnailUrl\":\"https:\\\/\\\/apjd-rdc.org\\\/wp-content\\\/uploads\\\/2026\\\/07\\\/cropped-LOGO-222-1.jpg\",\"articleSection\":[\"PUBLICATION\"],\"inLanguage\":\"fr-FR\",\"potentialAction\":[{\"@type\":\"CommentAction\",\"name\":\"Comment\",\"target\":[\"https:\\\/\\\/apjd-rdc.org\\\/index.php\\\/2026\\\/08\\\/19\\\/mot-de-circonctance-a-loccasion-de-la-sortie-officielle-de-lapjd\\\/#respond\"]}]},{\"@type\":\"WebPage\",\"@id\":\"https:\\\/\\\/apjd-rdc.org\\\/index.php\\\/2026\\\/08\\\/19\\\/mot-de-circonctance-a-loccasion-de-la-sortie-officielle-de-lapjd\\\/\",\"url\":\"https:\\\/\\\/apjd-rdc.org\\\/index.php\\\/2026\\\/08\\\/19\\\/mot-de-circonctance-a-loccasion-de-la-sortie-officielle-de-lapjd\\\/\",\"name\":\"MOT DE CIRCONCTANCE \u00c0 L\u2019OCCASION DE LA SORTIE OFFICIELLE DE L\u2019APJD - ASSOCIATION AFRICAINE POUR LA PAIX, LA JUSTICE ET LE DEVELOPPEMENT\",\"isPartOf\":{\"@id\":\"https:\\\/\\\/apjd-rdc.org\\\/#website\"},\"primaryImageOfPage\":{\"@id\":\"https:\\\/\\\/apjd-rdc.org\\\/index.php\\\/2026\\\/08\\\/19\\\/mot-de-circonctance-a-loccasion-de-la-sortie-officielle-de-lapjd\\\/#primaryimage\"},\"image\":{\"@id\":\"https:\\\/\\\/apjd-rdc.org\\\/index.php\\\/2026\\\/08\\\/19\\\/mot-de-circonctance-a-loccasion-de-la-sortie-officielle-de-lapjd\\\/#primaryimage\"},\"thumbnailUrl\":\"https:\\\/\\\/apjd-rdc.org\\\/wp-content\\\/uploads\\\/2026\\\/07\\\/cropped-LOGO-222-1.jpg\",\"datePublished\":\"2026-08-19T11:21:21+00:00\",\"dateModified\":\"2026-08-19T18:51:25+00:00\",\"breadcrumb\":{\"@id\":\"https:\\\/\\\/apjd-rdc.org\\\/index.php\\\/2026\\\/08\\\/19\\\/mot-de-circonctance-a-loccasion-de-la-sortie-officielle-de-lapjd\\\/#breadcrumb\"},\"inLanguage\":\"fr-FR\",\"potentialAction\":[{\"@type\":\"ReadAction\",\"target\":[\"https:\\\/\\\/apjd-rdc.org\\\/index.php\\\/2026\\\/08\\\/19\\\/mot-de-circonctance-a-loccasion-de-la-sortie-officielle-de-lapjd\\\/\"]}]},{\"@type\":\"ImageObject\",\"inLanguage\":\"fr-FR\",\"@id\":\"https:\\\/\\\/apjd-rdc.org\\\/index.php\\\/2026\\\/08\\\/19\\\/mot-de-circonctance-a-loccasion-de-la-sortie-officielle-de-lapjd\\\/#primaryimage\",\"url\":\"https:\\\/\\\/apjd-rdc.org\\\/wp-content\\\/uploads\\\/2026\\\/07\\\/cropped-LOGO-222-1.jpg\",\"contentUrl\":\"https:\\\/\\\/apjd-rdc.org\\\/wp-content\\\/uploads\\\/2026\\\/07\\\/cropped-LOGO-222-1.jpg\",\"width\":512,\"height\":512},{\"@type\":\"BreadcrumbList\",\"@id\":\"https:\\\/\\\/apjd-rdc.org\\\/index.php\\\/2026\\\/08\\\/19\\\/mot-de-circonctance-a-loccasion-de-la-sortie-officielle-de-lapjd\\\/#breadcrumb\",\"itemListElement\":[{\"@type\":\"ListItem\",\"position\":1,\"name\":\"Home\",\"item\":\"https:\\\/\\\/apjd-rdc.org\\\/\"},{\"@type\":\"ListItem\",\"position\":2,\"name\":\"MOT DE CIRCONCTANCE \u00c0 L\u2019OCCASION DE LA SORTIE OFFICIELLE DE L\u2019APJD\"}]},{\"@type\":\"WebSite\",\"@id\":\"https:\\\/\\\/apjd-rdc.org\\\/#website\",\"url\":\"https:\\\/\\\/apjd-rdc.org\\\/\",\"name\":\"apjd-rdc.org\",\"description\":\"APJD\",\"publisher\":{\"@id\":\"https:\\\/\\\/apjd-rdc.org\\\/#organization\"},\"potentialAction\":[{\"@type\":\"SearchAction\",\"target\":{\"@type\":\"EntryPoint\",\"urlTemplate\":\"https:\\\/\\\/apjd-rdc.org\\\/?s={search_term_string}\"},\"query-input\":{\"@type\":\"PropertyValueSpecification\",\"valueRequired\":true,\"valueName\":\"search_term_string\"}}],\"inLanguage\":\"fr-FR\"},{\"@type\":\"Organization\",\"@id\":\"https:\\\/\\\/apjd-rdc.org\\\/#organization\",\"name\":\"apjd-rdc.\",\"url\":\"https:\\\/\\\/apjd-rdc.org\\\/\",\"logo\":{\"@type\":\"ImageObject\",\"inLanguage\":\"fr-FR\",\"@id\":\"https:\\\/\\\/apjd-rdc.org\\\/#\\\/schema\\\/logo\\\/image\\\/\",\"url\":\"https:\\\/\\\/apjd-rdc.org\\\/wp-content\\\/uploads\\\/2026\\\/07\\\/cropped-LOGO-222.jpg\",\"contentUrl\":\"https:\\\/\\\/apjd-rdc.org\\\/wp-content\\\/uploads\\\/2026\\\/07\\\/cropped-LOGO-222.jpg\",\"width\":428,\"height\":428,\"caption\":\"apjd-rdc.\"},\"image\":{\"@id\":\"https:\\\/\\\/apjd-rdc.org\\\/#\\\/schema\\\/logo\\\/image\\\/\"}},{\"@type\":\"Person\",\"@id\":\"https:\\\/\\\/apjd-rdc.org\\\/#\\\/schema\\\/person\\\/087d0fd3395b171e56b921bd96342e7a\",\"name\":\"admin\",\"image\":{\"@type\":\"ImageObject\",\"inLanguage\":\"fr-FR\",\"@id\":\"https:\\\/\\\/secure.gravatar.com\\\/avatar\\\/9be69596dfddebc359b7fd1d360afb0ea10af680eddae621b4b6b7509009965d?s=96&d=mm&r=g\",\"url\":\"https:\\\/\\\/secure.gravatar.com\\\/avatar\\\/9be69596dfddebc359b7fd1d360afb0ea10af680eddae621b4b6b7509009965d?s=96&d=mm&r=g\",\"contentUrl\":\"https:\\\/\\\/secure.gravatar.com\\\/avatar\\\/9be69596dfddebc359b7fd1d360afb0ea10af680eddae621b4b6b7509009965d?s=96&d=mm&r=g\",\"caption\":\"admin\"},\"sameAs\":[\"https:\\\/\\\/apjd-rdc.org\"],\"url\":\"https:\\\/\\\/apjd-rdc.org\\\/index.php\\\/author\\\/admin\\\/\"}]}<\/script>\n<!-- \/ Yoast SEO plugin. -->","yoast_head_json":{"title":"MOT DE CIRCONCTANCE \u00c0 L\u2019OCCASION DE LA SORTIE OFFICIELLE DE L\u2019APJD - ASSOCIATION AFRICAINE POUR LA PAIX, LA JUSTICE ET LE DEVELOPPEMENT","robots":{"index":"index","follow":"follow","max-snippet":"max-snippet:-1","max-image-preview":"max-image-preview:large","max-video-preview":"max-video-preview:-1"},"canonical":"https:\/\/apjd-rdc.org\/index.php\/2026\/08\/19\/mot-de-circonctance-a-loccasion-de-la-sortie-officielle-de-lapjd\/","og_locale":"fr_FR","og_type":"article","og_title":"MOT DE CIRCONCTANCE \u00c0 L\u2019OCCASION DE LA SORTIE OFFICIELLE DE L\u2019APJD - ASSOCIATION AFRICAINE POUR LA PAIX, LA JUSTICE ET LE DEVELOPPEMENT","og_description":"Excellences Mesdames et Messieurs les Ambassadeurs et Chefs de Missions Diplomatiques accr\u00e9dit\u00e9s en R\u00e9publique D\u00e9mocratique du Congo, Mesdames et Messieurs les Repr\u00e9sentants R\u00e9sidents des Organisations Internationales \u0153uvrant en R\u00e9publique D\u00e9mocratique du Congo, Monsieur le Pr\u00e9sident de la Commission Nationale des Droits de l'Homme (CNDH), Monsieur le Secr\u00e9taire G\u00e9n\u00e9ral de la Conf\u00e9rence \u00c9piscopale Nationale du Congo [&hellip;]","og_url":"https:\/\/apjd-rdc.org\/index.php\/2026\/08\/19\/mot-de-circonctance-a-loccasion-de-la-sortie-officielle-de-lapjd\/","og_site_name":"ASSOCIATION AFRICAINE POUR LA PAIX, LA JUSTICE ET LE DEVELOPPEMENT","article_published_time":"2026-08-19T11:21:21+00:00","article_modified_time":"2026-08-19T18:51:25+00:00","og_image":[{"width":512,"height":512,"url":"https:\/\/apjd-rdc.org\/wp-content\/uploads\/2026\/07\/cropped-LOGO-222-1.jpg","type":"image\/jpeg"}],"author":"admin","twitter_card":"summary_large_image","twitter_misc":{"\u00c9crit par":"admin","Dur\u00e9e de lecture estim\u00e9e":"11 minutes"},"schema":{"@context":"https:\/\/schema.org","@graph":[{"@type":"Article","@id":"https:\/\/apjd-rdc.org\/index.php\/2026\/08\/19\/mot-de-circonctance-a-loccasion-de-la-sortie-officielle-de-lapjd\/#article","isPartOf":{"@id":"https:\/\/apjd-rdc.org\/index.php\/2026\/08\/19\/mot-de-circonctance-a-loccasion-de-la-sortie-officielle-de-lapjd\/"},"author":{"name":"admin","@id":"https:\/\/apjd-rdc.org\/#\/schema\/person\/087d0fd3395b171e56b921bd96342e7a"},"headline":"MOT DE CIRCONCTANCE \u00c0 L\u2019OCCASION DE LA SORTIE OFFICIELLE DE L\u2019APJD","datePublished":"2026-08-19T11:21:21+00:00","dateModified":"2026-08-19T18:51:25+00:00","mainEntityOfPage":{"@id":"https:\/\/apjd-rdc.org\/index.php\/2026\/08\/19\/mot-de-circonctance-a-loccasion-de-la-sortie-officielle-de-lapjd\/"},"wordCount":2331,"commentCount":1,"publisher":{"@id":"https:\/\/apjd-rdc.org\/#organization"},"image":{"@id":"https:\/\/apjd-rdc.org\/index.php\/2026\/08\/19\/mot-de-circonctance-a-loccasion-de-la-sortie-officielle-de-lapjd\/#primaryimage"},"thumbnailUrl":"https:\/\/apjd-rdc.org\/wp-content\/uploads\/2026\/07\/cropped-LOGO-222-1.jpg","articleSection":["PUBLICATION"],"inLanguage":"fr-FR","potentialAction":[{"@type":"CommentAction","name":"Comment","target":["https:\/\/apjd-rdc.org\/index.php\/2026\/08\/19\/mot-de-circonctance-a-loccasion-de-la-sortie-officielle-de-lapjd\/#respond"]}]},{"@type":"WebPage","@id":"https:\/\/apjd-rdc.org\/index.php\/2026\/08\/19\/mot-de-circonctance-a-loccasion-de-la-sortie-officielle-de-lapjd\/","url":"https:\/\/apjd-rdc.org\/index.php\/2026\/08\/19\/mot-de-circonctance-a-loccasion-de-la-sortie-officielle-de-lapjd\/","name":"MOT DE CIRCONCTANCE \u00c0 L\u2019OCCASION DE LA SORTIE OFFICIELLE DE L\u2019APJD - ASSOCIATION AFRICAINE POUR LA PAIX, LA JUSTICE ET LE DEVELOPPEMENT","isPartOf":{"@id":"https:\/\/apjd-rdc.org\/#website"},"primaryImageOfPage":{"@id":"https:\/\/apjd-rdc.org\/index.php\/2026\/08\/19\/mot-de-circonctance-a-loccasion-de-la-sortie-officielle-de-lapjd\/#primaryimage"},"image":{"@id":"https:\/\/apjd-rdc.org\/index.php\/2026\/08\/19\/mot-de-circonctance-a-loccasion-de-la-sortie-officielle-de-lapjd\/#primaryimage"},"thumbnailUrl":"https:\/\/apjd-rdc.org\/wp-content\/uploads\/2026\/07\/cropped-LOGO-222-1.jpg","datePublished":"2026-08-19T11:21:21+00:00","dateModified":"2026-08-19T18:51:25+00:00","breadcrumb":{"@id":"https:\/\/apjd-rdc.org\/index.php\/2026\/08\/19\/mot-de-circonctance-a-loccasion-de-la-sortie-officielle-de-lapjd\/#breadcrumb"},"inLanguage":"fr-FR","potentialAction":[{"@type":"ReadAction","target":["https:\/\/apjd-rdc.org\/index.php\/2026\/08\/19\/mot-de-circonctance-a-loccasion-de-la-sortie-officielle-de-lapjd\/"]}]},{"@type":"ImageObject","inLanguage":"fr-FR","@id":"https:\/\/apjd-rdc.org\/index.php\/2026\/08\/19\/mot-de-circonctance-a-loccasion-de-la-sortie-officielle-de-lapjd\/#primaryimage","url":"https:\/\/apjd-rdc.org\/wp-content\/uploads\/2026\/07\/cropped-LOGO-222-1.jpg","contentUrl":"https:\/\/apjd-rdc.org\/wp-content\/uploads\/2026\/07\/cropped-LOGO-222-1.jpg","width":512,"height":512},{"@type":"BreadcrumbList","@id":"https:\/\/apjd-rdc.org\/index.php\/2026\/08\/19\/mot-de-circonctance-a-loccasion-de-la-sortie-officielle-de-lapjd\/#breadcrumb","itemListElement":[{"@type":"ListItem","position":1,"name":"Home","item":"https:\/\/apjd-rdc.org\/"},{"@type":"ListItem","position":2,"name":"MOT DE CIRCONCTANCE \u00c0 L\u2019OCCASION DE LA SORTIE OFFICIELLE DE L\u2019APJD"}]},{"@type":"WebSite","@id":"https:\/\/apjd-rdc.org\/#website","url":"https:\/\/apjd-rdc.org\/","name":"apjd-rdc.org","description":"APJD","publisher":{"@id":"https:\/\/apjd-rdc.org\/#organization"},"potentialAction":[{"@type":"SearchAction","target":{"@type":"EntryPoint","urlTemplate":"https:\/\/apjd-rdc.org\/?s={search_term_string}"},"query-input":{"@type":"PropertyValueSpecification","valueRequired":true,"valueName":"search_term_string"}}],"inLanguage":"fr-FR"},{"@type":"Organization","@id":"https:\/\/apjd-rdc.org\/#organization","name":"apjd-rdc.","url":"https:\/\/apjd-rdc.org\/","logo":{"@type":"ImageObject","inLanguage":"fr-FR","@id":"https:\/\/apjd-rdc.org\/#\/schema\/logo\/image\/","url":"https:\/\/apjd-rdc.org\/wp-content\/uploads\/2026\/07\/cropped-LOGO-222.jpg","contentUrl":"https:\/\/apjd-rdc.org\/wp-content\/uploads\/2026\/07\/cropped-LOGO-222.jpg","width":428,"height":428,"caption":"apjd-rdc."},"image":{"@id":"https:\/\/apjd-rdc.org\/#\/schema\/logo\/image\/"}},{"@type":"Person","@id":"https:\/\/apjd-rdc.org\/#\/schema\/person\/087d0fd3395b171e56b921bd96342e7a","name":"admin","image":{"@type":"ImageObject","inLanguage":"fr-FR","@id":"https:\/\/secure.gravatar.com\/avatar\/9be69596dfddebc359b7fd1d360afb0ea10af680eddae621b4b6b7509009965d?s=96&d=mm&r=g","url":"https:\/\/secure.gravatar.com\/avatar\/9be69596dfddebc359b7fd1d360afb0ea10af680eddae621b4b6b7509009965d?s=96&d=mm&r=g","contentUrl":"https:\/\/secure.gravatar.com\/avatar\/9be69596dfddebc359b7fd1d360afb0ea10af680eddae621b4b6b7509009965d?s=96&d=mm&r=g","caption":"admin"},"sameAs":["https:\/\/apjd-rdc.org"],"url":"https:\/\/apjd-rdc.org\/index.php\/author\/admin\/"}]}},"_links":{"self":[{"href":"https:\/\/apjd-rdc.org\/index.php\/wp-json\/wp\/v2\/posts\/250","targetHints":{"allow":["GET"]}}],"collection":[{"href":"https:\/\/apjd-rdc.org\/index.php\/wp-json\/wp\/v2\/posts"}],"about":[{"href":"https:\/\/apjd-rdc.org\/index.php\/wp-json\/wp\/v2\/types\/post"}],"author":[{"embeddable":true,"href":"https:\/\/apjd-rdc.org\/index.php\/wp-json\/wp\/v2\/users\/1"}],"replies":[{"embeddable":true,"href":"https:\/\/apjd-rdc.org\/index.php\/wp-json\/wp\/v2\/comments?post=250"}],"version-history":[{"count":3,"href":"https:\/\/apjd-rdc.org\/index.php\/wp-json\/wp\/v2\/posts\/250\/revisions"}],"predecessor-version":[{"id":253,"href":"https:\/\/apjd-rdc.org\/index.php\/wp-json\/wp\/v2\/posts\/250\/revisions\/253"}],"wp:featuredmedia":[{"embeddable":true,"href":"https:\/\/apjd-rdc.org\/index.php\/wp-json\/wp\/v2\/media\/108"}],"wp:attachment":[{"href":"https:\/\/apjd-rdc.org\/index.php\/wp-json\/wp\/v2\/media?parent=250"}],"wp:term":[{"taxonomy":"category","embeddable":true,"href":"https:\/\/apjd-rdc.org\/index.php\/wp-json\/wp\/v2\/categories?post=250"},{"taxonomy":"post_tag","embeddable":true,"href":"https:\/\/apjd-rdc.org\/index.php\/wp-json\/wp\/v2\/tags?post=250"}],"curies":[{"name":"wp","href":"https:\/\/api.w.org\/{rel}","templated":true}]}}