{"id":246,"date":"2026-08-12T11:36:43","date_gmt":"2026-08-12T09:36:43","guid":{"rendered":"https:\/\/apjd-rdc.org\/?p=246"},"modified":"2026-08-12T11:36:43","modified_gmt":"2026-08-12T09:36:43","slug":"communique-de-presse-n-006-apjd-cn-2026","status":"publish","type":"post","link":"https:\/\/apjd-rdc.org\/index.php\/2026\/08\/12\/communique-de-presse-n-006-apjd-cn-2026\/","title":{"rendered":"COMMUNIQU\u00c9 DE PRESSE N\u00b0 006\/APJD\/CN\/2026"},"content":{"rendered":"<p><b>Objet : Lancement du processus comp\u00e9titif de s\u00e9lection des mandataires publics dans 15 entreprises du Portefeuille de l\u2019\u00c9tat<\/b><\/p>\n<p><span style=\"font-weight: 400;\">L\u2019Association Africaine pour la Paix, la Justice et le D\u00e9veloppement (APJD) salue l\u2019engagement du Gouvernement de la R\u00e9publique D\u00e9mocratique du Congo \u00e0 organiser un recrutement comp\u00e9titif pour la s\u00e9lection des mandataires des entreprises publiques. Pour l\u2019APJD, ce processus permettra aux entreprises de la RDC de se doter d\u2019une gouvernance bas\u00e9e sur les comp\u00e9tences, en vue de redresser leur situation financi\u00e8re et op\u00e9rationnelle actuelle, particuli\u00e8rement pr\u00e9occupante.<\/span><\/p>\n<p><span style=\"font-weight: 400;\">Il convient de rappeler que les entreprises publiques sont des structures de production de richesses et que leur gestion doit \u00eatre confi\u00e9e \u00e0 des experts. Les interf\u00e9rences politiques de tous bords ont conduit \u00e0 ce que la plupart de ces entit\u00e9s soient g\u00e9r\u00e9es par des acteurs politiques sans exp\u00e9rience manag\u00e9riale av\u00e9r\u00e9e. Par cons\u00e9quent, ces entreprises se trouvent aujourd'hui incapables de g\u00e9n\u00e9rer les richesses tant attendues par la population.<\/span><\/p>\n<p><span style=\"font-weight: 400;\">Tout en saluant cette initiative, l\u2019APJD appelle le Gouvernement \u00e0 faire preuve de responsabilit\u00e9 en respectant scrupuleusement les r\u00e9sultats des tests qui seront organis\u00e9s. En d'autres termes, seules les personnes ayant r\u00e9ussi le concours doivent \u00eatre nomm\u00e9es. Les exp\u00e9riences ant\u00e9rieures ont malheureusement d\u00e9montr\u00e9 le non-respect de ces crit\u00e8res, comme cela a \u00e9t\u00e9 observ\u00e9 lors du recrutement des Secr\u00e9taires G\u00e9n\u00e9raux. Lors des nominations, des candidats ayant \u00e9chou\u00e9 ou n'ayant pas pr\u00e9sent\u00e9 le test ont pourtant \u00e9t\u00e9 \u00e9lev\u00e9s \u00e0 ces fonctions.<\/span><\/p>\n<p><span style=\"font-weight: 400;\">Dans le souci de mettre fin aux immiscions politiques st\u00e9riles et contre-productives dans la d\u00e9signation des mandataires publics, l\u2019APJD recommande la publication des r\u00e9sultats des tests. Cette transparence garantira que seuls les candidats m\u00e9ritants soient nomm\u00e9s \u00e0 leurs postes respectifs. Aucun \u00c9tat ne peut se d\u00e9velopper dans l\u2019arbitraire et le non-respect des r\u00e8gles \u00e9tablies.<\/span><\/p>\n<p><span style=\"font-weight: 400;\">Fait \u00e0 Kinshasa, le 12 ao\u00fbt 2026<\/span><\/p>\n<p><b>La Cellule de Communication de l\u2019APJD<\/b><\/p>\n<p>&nbsp;<\/p>\n","protected":false},"excerpt":{"rendered":"<p>Objet : Lancement du processus comp\u00e9titif de s\u00e9lection des mandataires publics dans 15 entreprises du Portefeuille de l\u2019\u00c9tat L\u2019Association Africaine pour la Paix, la Justice et le D\u00e9veloppement (APJD) salue l\u2019engagement du Gouvernement de la R\u00e9publique D\u00e9mocratique du Congo \u00e0 organiser un recrutement comp\u00e9titif pour la s\u00e9lection des mandataires des entreprises publiques. Pour l\u2019APJD, ce [&hellip;]<\/p>\n","protected":false},"author":1,"featured_media":108,"comment_status":"open","ping_status":"open","sticky":false,"template":"","format":"standard","meta":{"sns_share_botton_hide":"","vkExUnit_sns_title":"","_vk_print_noindex":"","sitemap_hide":"","_veu_custom_css":"","veu_display_promotion_alert":"common","vkexunit_cta_each_option":"","_lightning_design_setting":{"layout":"default"},"footnotes":""},"categories":[3],"tags":[],"class_list":["post-246","post","type-post","status-publish","format-standard","has-post-thumbnail","hentry","category-publications"],"veu_head_title_object":{"title":"","add_site_title":""},"yoast_head":"<!-- This site is optimized with the Yoast SEO plugin v28.4 - https:\/\/yoast.com\/product\/yoast-seo-wordpress\/ -->\n<title>COMMUNIQU\u00c9 DE PRESSE N\u00b0 006\/APJD\/CN\/2026 - ASSOCIATION AFRICAINE POUR LA PAIX, LA JUSTICE ET LE DEVELOPPEMENT<\/title>\n<meta name=\"robots\" content=\"index, follow, max-snippet:-1, max-image-preview:large, max-video-preview:-1\" \/>\n<link rel=\"canonical\" href=\"https:\/\/apjd-rdc.org\/index.php\/2026\/08\/12\/communique-de-presse-n-006-apjd-cn-2026\/\" \/>\n<meta property=\"og:locale\" content=\"fr_FR\" \/>\n<meta property=\"og:type\" content=\"article\" \/>\n<meta property=\"og:title\" content=\"COMMUNIQU\u00c9 DE PRESSE N\u00b0 006\/APJD\/CN\/2026 - ASSOCIATION AFRICAINE POUR LA PAIX, LA JUSTICE ET LE DEVELOPPEMENT\" \/>\n<meta property=\"og:description\" content=\"Objet : Lancement du processus comp\u00e9titif de s\u00e9lection des mandataires publics dans 15 entreprises du Portefeuille de l\u2019\u00c9tat L\u2019Association Africaine pour la Paix, la Justice et le D\u00e9veloppement (APJD) salue l\u2019engagement du Gouvernement de la R\u00e9publique D\u00e9mocratique du Congo \u00e0 organiser un recrutement comp\u00e9titif pour la s\u00e9lection des mandataires des entreprises publiques. Pour l\u2019APJD, ce [&hellip;]\" \/>\n<meta property=\"og:url\" content=\"https:\/\/apjd-rdc.org\/index.php\/2026\/08\/12\/communique-de-presse-n-006-apjd-cn-2026\/\" \/>\n<meta property=\"og:site_name\" content=\"ASSOCIATION AFRICAINE POUR LA PAIX, LA JUSTICE ET LE DEVELOPPEMENT\" \/>\n<meta property=\"article:published_time\" content=\"2026-08-12T09:36:43+00:00\" \/>\n<meta property=\"og:image\" content=\"https:\/\/apjd-rdc.org\/wp-content\/uploads\/2026\/07\/cropped-LOGO-222-1.jpg\" \/>\n\t<meta property=\"og:image:width\" content=\"512\" \/>\n\t<meta property=\"og:image:height\" content=\"512\" \/>\n\t<meta property=\"og:image:type\" content=\"image\/jpeg\" \/>\n<meta name=\"author\" content=\"admin\" \/>\n<meta name=\"twitter:card\" content=\"summary_large_image\" \/>\n<meta name=\"twitter:label1\" content=\"\u00c9crit par\" \/>\n\t<meta name=\"twitter:data1\" content=\"admin\" \/>\n\t<meta name=\"twitter:label2\" content=\"Dur\u00e9e de lecture estim\u00e9e\" \/>\n\t<meta name=\"twitter:data2\" content=\"2 minutes\" \/>\n<script type=\"application\/ld+json\" class=\"yoast-schema-graph\">{\"@context\":\"https:\\\/\\\/schema.org\",\"@graph\":[{\"@type\":\"Article\",\"@id\":\"https:\\\/\\\/apjd-rdc.org\\\/index.php\\\/2026\\\/08\\\/12\\\/communique-de-presse-n-006-apjd-cn-2026\\\/#article\",\"isPartOf\":{\"@id\":\"https:\\\/\\\/apjd-rdc.org\\\/index.php\\\/2026\\\/08\\\/12\\\/communique-de-presse-n-006-apjd-cn-2026\\\/\"},\"author\":{\"name\":\"admin\",\"@id\":\"https:\\\/\\\/apjd-rdc.org\\\/#\\\/schema\\\/person\\\/087d0fd3395b171e56b921bd96342e7a\"},\"headline\":\"COMMUNIQU\u00c9 DE PRESSE N\u00b0 006\\\/APJD\\\/CN\\\/2026\",\"datePublished\":\"2026-08-12T09:36:43+00:00\",\"mainEntityOfPage\":{\"@id\":\"https:\\\/\\\/apjd-rdc.org\\\/index.php\\\/2026\\\/08\\\/12\\\/communique-de-presse-n-006-apjd-cn-2026\\\/\"},\"wordCount\":351,\"commentCount\":1,\"publisher\":{\"@id\":\"https:\\\/\\\/apjd-rdc.org\\\/#organization\"},\"image\":{\"@id\":\"https:\\\/\\\/apjd-rdc.org\\\/index.php\\\/2026\\\/08\\\/12\\\/communique-de-presse-n-006-apjd-cn-2026\\\/#primaryimage\"},\"thumbnailUrl\":\"https:\\\/\\\/apjd-rdc.org\\\/wp-content\\\/uploads\\\/2026\\\/07\\\/cropped-LOGO-222-1.jpg\",\"articleSection\":[\"PUBLICATION\"],\"inLanguage\":\"fr-FR\",\"potentialAction\":[{\"@type\":\"CommentAction\",\"name\":\"Comment\",\"target\":[\"https:\\\/\\\/apjd-rdc.org\\\/index.php\\\/2026\\\/08\\\/12\\\/communique-de-presse-n-006-apjd-cn-2026\\\/#respond\"]}]},{\"@type\":\"WebPage\",\"@id\":\"https:\\\/\\\/apjd-rdc.org\\\/index.php\\\/2026\\\/08\\\/12\\\/communique-de-presse-n-006-apjd-cn-2026\\\/\",\"url\":\"https:\\\/\\\/apjd-rdc.org\\\/index.php\\\/2026\\\/08\\\/12\\\/communique-de-presse-n-006-apjd-cn-2026\\\/\",\"name\":\"COMMUNIQU\u00c9 DE PRESSE N\u00b0 006\\\/APJD\\\/CN\\\/2026 - ASSOCIATION AFRICAINE POUR LA PAIX, LA JUSTICE ET LE DEVELOPPEMENT\",\"isPartOf\":{\"@id\":\"https:\\\/\\\/apjd-rdc.org\\\/#website\"},\"primaryImageOfPage\":{\"@id\":\"https:\\\/\\\/apjd-rdc.org\\\/index.php\\\/2026\\\/08\\\/12\\\/communique-de-presse-n-006-apjd-cn-2026\\\/#primaryimage\"},\"image\":{\"@id\":\"https:\\\/\\\/apjd-rdc.org\\\/index.php\\\/2026\\\/08\\\/12\\\/communique-de-presse-n-006-apjd-cn-2026\\\/#primaryimage\"},\"thumbnailUrl\":\"https:\\\/\\\/apjd-rdc.org\\\/wp-content\\\/uploads\\\/2026\\\/07\\\/cropped-LOGO-222-1.jpg\",\"datePublished\":\"2026-08-12T09:36:43+00:00\",\"breadcrumb\":{\"@id\":\"https:\\\/\\\/apjd-rdc.org\\\/index.php\\\/2026\\\/08\\\/12\\\/communique-de-presse-n-006-apjd-cn-2026\\\/#breadcrumb\"},\"inLanguage\":\"fr-FR\",\"potentialAction\":[{\"@type\":\"ReadAction\",\"target\":[\"https:\\\/\\\/apjd-rdc.org\\\/index.php\\\/2026\\\/08\\\/12\\\/communique-de-presse-n-006-apjd-cn-2026\\\/\"]}]},{\"@type\":\"ImageObject\",\"inLanguage\":\"fr-FR\",\"@id\":\"https:\\\/\\\/apjd-rdc.org\\\/index.php\\\/2026\\\/08\\\/12\\\/communique-de-presse-n-006-apjd-cn-2026\\\/#primaryimage\",\"url\":\"https:\\\/\\\/apjd-rdc.org\\\/wp-content\\\/uploads\\\/2026\\\/07\\\/cropped-LOGO-222-1.jpg\",\"contentUrl\":\"https:\\\/\\\/apjd-rdc.org\\\/wp-content\\\/uploads\\\/2026\\\/07\\\/cropped-LOGO-222-1.jpg\",\"width\":512,\"height\":512},{\"@type\":\"BreadcrumbList\",\"@id\":\"https:\\\/\\\/apjd-rdc.org\\\/index.php\\\/2026\\\/08\\\/12\\\/communique-de-presse-n-006-apjd-cn-2026\\\/#breadcrumb\",\"itemListElement\":[{\"@type\":\"ListItem\",\"position\":1,\"name\":\"Home\",\"item\":\"https:\\\/\\\/apjd-rdc.org\\\/\"},{\"@type\":\"ListItem\",\"position\":2,\"name\":\"COMMUNIQU\u00c9 DE PRESSE N\u00b0 006\\\/APJD\\\/CN\\\/2026\"}]},{\"@type\":\"WebSite\",\"@id\":\"https:\\\/\\\/apjd-rdc.org\\\/#website\",\"url\":\"https:\\\/\\\/apjd-rdc.org\\\/\",\"name\":\"apjd-rdc.org\",\"description\":\"APJD\",\"publisher\":{\"@id\":\"https:\\\/\\\/apjd-rdc.org\\\/#organization\"},\"potentialAction\":[{\"@type\":\"SearchAction\",\"target\":{\"@type\":\"EntryPoint\",\"urlTemplate\":\"https:\\\/\\\/apjd-rdc.org\\\/?s={search_term_string}\"},\"query-input\":{\"@type\":\"PropertyValueSpecification\",\"valueRequired\":true,\"valueName\":\"search_term_string\"}}],\"inLanguage\":\"fr-FR\"},{\"@type\":\"Organization\",\"@id\":\"https:\\\/\\\/apjd-rdc.org\\\/#organization\",\"name\":\"apjd-rdc.\",\"url\":\"https:\\\/\\\/apjd-rdc.org\\\/\",\"logo\":{\"@type\":\"ImageObject\",\"inLanguage\":\"fr-FR\",\"@id\":\"https:\\\/\\\/apjd-rdc.org\\\/#\\\/schema\\\/logo\\\/image\\\/\",\"url\":\"https:\\\/\\\/apjd-rdc.org\\\/wp-content\\\/uploads\\\/2026\\\/07\\\/cropped-LOGO-222.jpg\",\"contentUrl\":\"https:\\\/\\\/apjd-rdc.org\\\/wp-content\\\/uploads\\\/2026\\\/07\\\/cropped-LOGO-222.jpg\",\"width\":428,\"height\":428,\"caption\":\"apjd-rdc.\"},\"image\":{\"@id\":\"https:\\\/\\\/apjd-rdc.org\\\/#\\\/schema\\\/logo\\\/image\\\/\"}},{\"@type\":\"Person\",\"@id\":\"https:\\\/\\\/apjd-rdc.org\\\/#\\\/schema\\\/person\\\/087d0fd3395b171e56b921bd96342e7a\",\"name\":\"admin\",\"image\":{\"@type\":\"ImageObject\",\"inLanguage\":\"fr-FR\",\"@id\":\"https:\\\/\\\/secure.gravatar.com\\\/avatar\\\/9be69596dfddebc359b7fd1d360afb0ea10af680eddae621b4b6b7509009965d?s=96&d=mm&r=g\",\"url\":\"https:\\\/\\\/secure.gravatar.com\\\/avatar\\\/9be69596dfddebc359b7fd1d360afb0ea10af680eddae621b4b6b7509009965d?s=96&d=mm&r=g\",\"contentUrl\":\"https:\\\/\\\/secure.gravatar.com\\\/avatar\\\/9be69596dfddebc359b7fd1d360afb0ea10af680eddae621b4b6b7509009965d?s=96&d=mm&r=g\",\"caption\":\"admin\"},\"sameAs\":[\"https:\\\/\\\/apjd-rdc.org\"],\"url\":\"https:\\\/\\\/apjd-rdc.org\\\/index.php\\\/author\\\/admin\\\/\"}]}<\/script>\n<!-- \/ Yoast SEO plugin. -->","yoast_head_json":{"title":"COMMUNIQU\u00c9 DE PRESSE N\u00b0 006\/APJD\/CN\/2026 - ASSOCIATION AFRICAINE POUR LA PAIX, LA JUSTICE ET LE DEVELOPPEMENT","robots":{"index":"index","follow":"follow","max-snippet":"max-snippet:-1","max-image-preview":"max-image-preview:large","max-video-preview":"max-video-preview:-1"},"canonical":"https:\/\/apjd-rdc.org\/index.php\/2026\/08\/12\/communique-de-presse-n-006-apjd-cn-2026\/","og_locale":"fr_FR","og_type":"article","og_title":"COMMUNIQU\u00c9 DE PRESSE N\u00b0 006\/APJD\/CN\/2026 - ASSOCIATION AFRICAINE POUR LA PAIX, LA JUSTICE ET LE DEVELOPPEMENT","og_description":"Objet : Lancement du processus comp\u00e9titif de s\u00e9lection des mandataires publics dans 15 entreprises du Portefeuille de l\u2019\u00c9tat L\u2019Association Africaine pour la Paix, la Justice et le D\u00e9veloppement (APJD) salue l\u2019engagement du Gouvernement de la R\u00e9publique D\u00e9mocratique du Congo \u00e0 organiser un recrutement comp\u00e9titif pour la s\u00e9lection des mandataires des entreprises publiques. Pour l\u2019APJD, ce [&hellip;]","og_url":"https:\/\/apjd-rdc.org\/index.php\/2026\/08\/12\/communique-de-presse-n-006-apjd-cn-2026\/","og_site_name":"ASSOCIATION AFRICAINE POUR LA PAIX, LA JUSTICE ET LE DEVELOPPEMENT","article_published_time":"2026-08-12T09:36:43+00:00","og_image":[{"width":512,"height":512,"url":"https:\/\/apjd-rdc.org\/wp-content\/uploads\/2026\/07\/cropped-LOGO-222-1.jpg","type":"image\/jpeg"}],"author":"admin","twitter_card":"summary_large_image","twitter_misc":{"\u00c9crit par":"admin","Dur\u00e9e de lecture estim\u00e9e":"2 minutes"},"schema":{"@context":"https:\/\/schema.org","@graph":[{"@type":"Article","@id":"https:\/\/apjd-rdc.org\/index.php\/2026\/08\/12\/communique-de-presse-n-006-apjd-cn-2026\/#article","isPartOf":{"@id":"https:\/\/apjd-rdc.org\/index.php\/2026\/08\/12\/communique-de-presse-n-006-apjd-cn-2026\/"},"author":{"name":"admin","@id":"https:\/\/apjd-rdc.org\/#\/schema\/person\/087d0fd3395b171e56b921bd96342e7a"},"headline":"COMMUNIQU\u00c9 DE PRESSE N\u00b0 006\/APJD\/CN\/2026","datePublished":"2026-08-12T09:36:43+00:00","mainEntityOfPage":{"@id":"https:\/\/apjd-rdc.org\/index.php\/2026\/08\/12\/communique-de-presse-n-006-apjd-cn-2026\/"},"wordCount":351,"commentCount":1,"publisher":{"@id":"https:\/\/apjd-rdc.org\/#organization"},"image":{"@id":"https:\/\/apjd-rdc.org\/index.php\/2026\/08\/12\/communique-de-presse-n-006-apjd-cn-2026\/#primaryimage"},"thumbnailUrl":"https:\/\/apjd-rdc.org\/wp-content\/uploads\/2026\/07\/cropped-LOGO-222-1.jpg","articleSection":["PUBLICATION"],"inLanguage":"fr-FR","potentialAction":[{"@type":"CommentAction","name":"Comment","target":["https:\/\/apjd-rdc.org\/index.php\/2026\/08\/12\/communique-de-presse-n-006-apjd-cn-2026\/#respond"]}]},{"@type":"WebPage","@id":"https:\/\/apjd-rdc.org\/index.php\/2026\/08\/12\/communique-de-presse-n-006-apjd-cn-2026\/","url":"https:\/\/apjd-rdc.org\/index.php\/2026\/08\/12\/communique-de-presse-n-006-apjd-cn-2026\/","name":"COMMUNIQU\u00c9 DE PRESSE N\u00b0 006\/APJD\/CN\/2026 - ASSOCIATION AFRICAINE POUR LA PAIX, LA JUSTICE ET LE DEVELOPPEMENT","isPartOf":{"@id":"https:\/\/apjd-rdc.org\/#website"},"primaryImageOfPage":{"@id":"https:\/\/apjd-rdc.org\/index.php\/2026\/08\/12\/communique-de-presse-n-006-apjd-cn-2026\/#primaryimage"},"image":{"@id":"https:\/\/apjd-rdc.org\/index.php\/2026\/08\/12\/communique-de-presse-n-006-apjd-cn-2026\/#primaryimage"},"thumbnailUrl":"https:\/\/apjd-rdc.org\/wp-content\/uploads\/2026\/07\/cropped-LOGO-222-1.jpg","datePublished":"2026-08-12T09:36:43+00:00","breadcrumb":{"@id":"https:\/\/apjd-rdc.org\/index.php\/2026\/08\/12\/communique-de-presse-n-006-apjd-cn-2026\/#breadcrumb"},"inLanguage":"fr-FR","potentialAction":[{"@type":"ReadAction","target":["https:\/\/apjd-rdc.org\/index.php\/2026\/08\/12\/communique-de-presse-n-006-apjd-cn-2026\/"]}]},{"@type":"ImageObject","inLanguage":"fr-FR","@id":"https:\/\/apjd-rdc.org\/index.php\/2026\/08\/12\/communique-de-presse-n-006-apjd-cn-2026\/#primaryimage","url":"https:\/\/apjd-rdc.org\/wp-content\/uploads\/2026\/07\/cropped-LOGO-222-1.jpg","contentUrl":"https:\/\/apjd-rdc.org\/wp-content\/uploads\/2026\/07\/cropped-LOGO-222-1.jpg","width":512,"height":512},{"@type":"BreadcrumbList","@id":"https:\/\/apjd-rdc.org\/index.php\/2026\/08\/12\/communique-de-presse-n-006-apjd-cn-2026\/#breadcrumb","itemListElement":[{"@type":"ListItem","position":1,"name":"Home","item":"https:\/\/apjd-rdc.org\/"},{"@type":"ListItem","position":2,"name":"COMMUNIQU\u00c9 DE PRESSE N\u00b0 006\/APJD\/CN\/2026"}]},{"@type":"WebSite","@id":"https:\/\/apjd-rdc.org\/#website","url":"https:\/\/apjd-rdc.org\/","name":"apjd-rdc.org","description":"APJD","publisher":{"@id":"https:\/\/apjd-rdc.org\/#organization"},"potentialAction":[{"@type":"SearchAction","target":{"@type":"EntryPoint","urlTemplate":"https:\/\/apjd-rdc.org\/?s={search_term_string}"},"query-input":{"@type":"PropertyValueSpecification","valueRequired":true,"valueName":"search_term_string"}}],"inLanguage":"fr-FR"},{"@type":"Organization","@id":"https:\/\/apjd-rdc.org\/#organization","name":"apjd-rdc.","url":"https:\/\/apjd-rdc.org\/","logo":{"@type":"ImageObject","inLanguage":"fr-FR","@id":"https:\/\/apjd-rdc.org\/#\/schema\/logo\/image\/","url":"https:\/\/apjd-rdc.org\/wp-content\/uploads\/2026\/07\/cropped-LOGO-222.jpg","contentUrl":"https:\/\/apjd-rdc.org\/wp-content\/uploads\/2026\/07\/cropped-LOGO-222.jpg","width":428,"height":428,"caption":"apjd-rdc."},"image":{"@id":"https:\/\/apjd-rdc.org\/#\/schema\/logo\/image\/"}},{"@type":"Person","@id":"https:\/\/apjd-rdc.org\/#\/schema\/person\/087d0fd3395b171e56b921bd96342e7a","name":"admin","image":{"@type":"ImageObject","inLanguage":"fr-FR","@id":"https:\/\/secure.gravatar.com\/avatar\/9be69596dfddebc359b7fd1d360afb0ea10af680eddae621b4b6b7509009965d?s=96&d=mm&r=g","url":"https:\/\/secure.gravatar.com\/avatar\/9be69596dfddebc359b7fd1d360afb0ea10af680eddae621b4b6b7509009965d?s=96&d=mm&r=g","contentUrl":"https:\/\/secure.gravatar.com\/avatar\/9be69596dfddebc359b7fd1d360afb0ea10af680eddae621b4b6b7509009965d?s=96&d=mm&r=g","caption":"admin"},"sameAs":["https:\/\/apjd-rdc.org"],"url":"https:\/\/apjd-rdc.org\/index.php\/author\/admin\/"}]}},"_links":{"self":[{"href":"https:\/\/apjd-rdc.org\/index.php\/wp-json\/wp\/v2\/posts\/246","targetHints":{"allow":["GET"]}}],"collection":[{"href":"https:\/\/apjd-rdc.org\/index.php\/wp-json\/wp\/v2\/posts"}],"about":[{"href":"https:\/\/apjd-rdc.org\/index.php\/wp-json\/wp\/v2\/types\/post"}],"author":[{"embeddable":true,"href":"https:\/\/apjd-rdc.org\/index.php\/wp-json\/wp\/v2\/users\/1"}],"replies":[{"embeddable":true,"href":"https:\/\/apjd-rdc.org\/index.php\/wp-json\/wp\/v2\/comments?post=246"}],"version-history":[{"count":1,"href":"https:\/\/apjd-rdc.org\/index.php\/wp-json\/wp\/v2\/posts\/246\/revisions"}],"predecessor-version":[{"id":247,"href":"https:\/\/apjd-rdc.org\/index.php\/wp-json\/wp\/v2\/posts\/246\/revisions\/247"}],"wp:featuredmedia":[{"embeddable":true,"href":"https:\/\/apjd-rdc.org\/index.php\/wp-json\/wp\/v2\/media\/108"}],"wp:attachment":[{"href":"https:\/\/apjd-rdc.org\/index.php\/wp-json\/wp\/v2\/media?parent=246"}],"wp:term":[{"taxonomy":"category","embeddable":true,"href":"https:\/\/apjd-rdc.org\/index.php\/wp-json\/wp\/v2\/categories?post=246"},{"taxonomy":"post_tag","embeddable":true,"href":"https:\/\/apjd-rdc.org\/index.php\/wp-json\/wp\/v2\/tags?post=246"}],"curies":[{"name":"wp","href":"https:\/\/api.w.org\/{rel}","templated":true}]}}