{"id":234,"date":"2026-07-31T09:45:43","date_gmt":"2026-07-31T07:45:43","guid":{"rendered":"https:\/\/apjd-rdc.org\/?p=234"},"modified":"2026-07-31T10:20:36","modified_gmt":"2026-07-31T08:20:36","slug":"communique-de-presse-n-004-apjd-cn-2026","status":"publish","type":"post","link":"https:\/\/apjd-rdc.org\/index.php\/2026\/07\/31\/communique-de-presse-n-004-apjd-cn-2026\/","title":{"rendered":"COMMUNIQU\u00c9 DE PRESSE N\u00b0 004\/APJD\/CN\/2026"},"content":{"rendered":"<p>Objet : Le dialogue national inclusif : un imp\u00e9ratif patriotique pour surmonter la crise en R\u00e9publique D\u00e9mocratique du Congo<\/p>\n<p>L\u2019Association Africaine pour la Paix, la Justice et le D\u00e9veloppement (APJD) suit avec une attention soutenue les r\u00e9centes prises de position des forces politiques et sociales relatives \u00e0 la tenue d'un Dialogue inclusif en R\u00e9publique D\u00e9mocratique du Congo.<\/p>\n<p>Face \u00e0 la gravit\u00e9 des enjeux, l\u2019APJD lance un appel solennel \u00e0 la Majorit\u00e9 au pouvoir, \u00e0 l\u2019Opposition politique (notamment la coalition C64), \u00e0 l\u2019AFC-M23, aux Confessions religieuses (CENCO, ECC, etc.), \u00e0 la Communaut\u00e9 internationale ainsi qu\u2019\u00e0 l\u2019ensemble des forces vives de la Nation. Elle les exhorte \u00e0 \u0153uvrer activement \u00e0 la concr\u00e9tisation de ce Dialogue national inclusif, unique voie salutaire pour extraire le pays de la crise multidimensionnelle actuelle.<\/p>\n<p>Il est ind\u00e9niable que l'urgence s\u00e9curitaire, politique et socio-\u00e9conomique de la RDC exige un sursaut de responsabilit\u00e9 de la part de tous les acteurs concern\u00e9s. \u00c0 cet \u00e9gard, l\u2019APJD soutient que les conditions pr\u00e9alables pos\u00e9es par les diff\u00e9rentes parties ne doivent en aucun cas constituer un frein \u00e0 la convocation des assises. Ces exigences l\u00e9gitimes ont vocation \u00e0 \u00eatre directement inscrites \u00e0 l'ordre du jour des d\u00e9bats.<\/p>\n<p>L\u2019Association Africaine pour la Paix, la Justice et le D\u00e9veloppement r\u00e9it\u00e8re son engagement ind\u00e9fectible \u00e0 \u0153uvrer pour l\u2019av\u00e8nement d\u2019une \u00e8re de paix, de justice et de progr\u00e8s durable en R\u00e9publique D\u00e9mocratique du Congo.<\/p>\n<p>&nbsp;<\/p>\n<p>Fait \u00e0 Kinshasa, le 31 juillet 2026<\/p>\n<p><b>La Cellule de Communication de l\u2019APJD<\/b><\/p>\n<p>&nbsp;<\/p>\n","protected":false},"excerpt":{"rendered":"<p>Objet : Le dialogue national inclusif : un imp\u00e9ratif patriotique pour surmonter la crise en R\u00e9publique D\u00e9mocratique du Congo L\u2019Association Africaine pour la Paix, la Justice et le D\u00e9veloppement (APJD) suit avec une attention soutenue les r\u00e9centes prises de position des forces politiques et sociales relatives \u00e0 la tenue d'un Dialogue inclusif en R\u00e9publique D\u00e9mocratique [&hellip;]<\/p>\n","protected":false},"author":1,"featured_media":108,"comment_status":"open","ping_status":"open","sticky":false,"template":"","format":"standard","meta":{"sns_share_botton_hide":"","vkExUnit_sns_title":"","_vk_print_noindex":"","sitemap_hide":"","_veu_custom_css":"","veu_display_promotion_alert":"common","vkexunit_cta_each_option":"","_lightning_design_setting":{"layout":"default"},"footnotes":""},"categories":[3],"tags":[],"class_list":["post-234","post","type-post","status-publish","format-standard","has-post-thumbnail","hentry","category-publications"],"veu_head_title_object":{"title":"","add_site_title":""},"yoast_head":"<!-- This site is optimized with the Yoast SEO plugin v28.4 - https:\/\/yoast.com\/product\/yoast-seo-wordpress\/ -->\n<title>COMMUNIQU\u00c9 DE PRESSE N\u00b0 004\/APJD\/CN\/2026 - ASSOCIATION AFRICAINE POUR LA PAIX, LA JUSTICE ET LE DEVELOPPEMENT<\/title>\n<meta name=\"robots\" content=\"index, follow, max-snippet:-1, max-image-preview:large, max-video-preview:-1\" \/>\n<link rel=\"canonical\" href=\"https:\/\/apjd-rdc.org\/index.php\/2026\/07\/31\/communique-de-presse-n-004-apjd-cn-2026\/\" \/>\n<meta property=\"og:locale\" content=\"fr_FR\" \/>\n<meta property=\"og:type\" content=\"article\" \/>\n<meta property=\"og:title\" content=\"COMMUNIQU\u00c9 DE PRESSE N\u00b0 004\/APJD\/CN\/2026 - ASSOCIATION AFRICAINE POUR LA PAIX, LA JUSTICE ET LE DEVELOPPEMENT\" \/>\n<meta property=\"og:description\" content=\"Objet : Le dialogue national inclusif : un imp\u00e9ratif patriotique pour surmonter la crise en R\u00e9publique D\u00e9mocratique du Congo L\u2019Association Africaine pour la Paix, la Justice et le D\u00e9veloppement (APJD) suit avec une attention soutenue les r\u00e9centes prises de position des forces politiques et sociales relatives \u00e0 la tenue d&#039;un Dialogue inclusif en R\u00e9publique D\u00e9mocratique [&hellip;]\" \/>\n<meta property=\"og:url\" content=\"https:\/\/apjd-rdc.org\/index.php\/2026\/07\/31\/communique-de-presse-n-004-apjd-cn-2026\/\" \/>\n<meta property=\"og:site_name\" content=\"ASSOCIATION AFRICAINE POUR LA PAIX, LA JUSTICE ET LE DEVELOPPEMENT\" \/>\n<meta property=\"article:published_time\" content=\"2026-07-31T07:45:43+00:00\" \/>\n<meta property=\"article:modified_time\" content=\"2026-07-31T08:20:36+00:00\" \/>\n<meta property=\"og:image\" content=\"https:\/\/apjd-rdc.org\/wp-content\/uploads\/2026\/07\/cropped-LOGO-222-1.jpg\" \/>\n\t<meta property=\"og:image:width\" content=\"512\" \/>\n\t<meta property=\"og:image:height\" content=\"512\" \/>\n\t<meta property=\"og:image:type\" content=\"image\/jpeg\" \/>\n<meta name=\"author\" content=\"admin\" \/>\n<meta name=\"twitter:card\" content=\"summary_large_image\" \/>\n<meta name=\"twitter:label1\" content=\"\u00c9crit par\" \/>\n\t<meta name=\"twitter:data1\" content=\"admin\" \/>\n\t<meta name=\"twitter:label2\" content=\"Dur\u00e9e de lecture estim\u00e9e\" \/>\n\t<meta name=\"twitter:data2\" content=\"2 minutes\" \/>\n<script type=\"application\/ld+json\" class=\"yoast-schema-graph\">{\"@context\":\"https:\\\/\\\/schema.org\",\"@graph\":[{\"@type\":\"Article\",\"@id\":\"https:\\\/\\\/apjd-rdc.org\\\/index.php\\\/2026\\\/07\\\/31\\\/communique-de-presse-n-004-apjd-cn-2026\\\/#article\",\"isPartOf\":{\"@id\":\"https:\\\/\\\/apjd-rdc.org\\\/index.php\\\/2026\\\/07\\\/31\\\/communique-de-presse-n-004-apjd-cn-2026\\\/\"},\"author\":{\"name\":\"admin\",\"@id\":\"https:\\\/\\\/apjd-rdc.org\\\/#\\\/schema\\\/person\\\/087d0fd3395b171e56b921bd96342e7a\"},\"headline\":\"COMMUNIQU\u00c9 DE PRESSE N\u00b0 004\\\/APJD\\\/CN\\\/2026\",\"datePublished\":\"2026-07-31T07:45:43+00:00\",\"dateModified\":\"2026-07-31T08:20:36+00:00\",\"mainEntityOfPage\":{\"@id\":\"https:\\\/\\\/apjd-rdc.org\\\/index.php\\\/2026\\\/07\\\/31\\\/communique-de-presse-n-004-apjd-cn-2026\\\/\"},\"wordCount\":268,\"commentCount\":1,\"publisher\":{\"@id\":\"https:\\\/\\\/apjd-rdc.org\\\/#organization\"},\"image\":{\"@id\":\"https:\\\/\\\/apjd-rdc.org\\\/index.php\\\/2026\\\/07\\\/31\\\/communique-de-presse-n-004-apjd-cn-2026\\\/#primaryimage\"},\"thumbnailUrl\":\"https:\\\/\\\/apjd-rdc.org\\\/wp-content\\\/uploads\\\/2026\\\/07\\\/cropped-LOGO-222-1.jpg\",\"articleSection\":[\"PUBLICATION\"],\"inLanguage\":\"fr-FR\",\"potentialAction\":[{\"@type\":\"CommentAction\",\"name\":\"Comment\",\"target\":[\"https:\\\/\\\/apjd-rdc.org\\\/index.php\\\/2026\\\/07\\\/31\\\/communique-de-presse-n-004-apjd-cn-2026\\\/#respond\"]}]},{\"@type\":\"WebPage\",\"@id\":\"https:\\\/\\\/apjd-rdc.org\\\/index.php\\\/2026\\\/07\\\/31\\\/communique-de-presse-n-004-apjd-cn-2026\\\/\",\"url\":\"https:\\\/\\\/apjd-rdc.org\\\/index.php\\\/2026\\\/07\\\/31\\\/communique-de-presse-n-004-apjd-cn-2026\\\/\",\"name\":\"COMMUNIQU\u00c9 DE PRESSE N\u00b0 004\\\/APJD\\\/CN\\\/2026 - ASSOCIATION AFRICAINE POUR LA PAIX, LA JUSTICE ET LE DEVELOPPEMENT\",\"isPartOf\":{\"@id\":\"https:\\\/\\\/apjd-rdc.org\\\/#website\"},\"primaryImageOfPage\":{\"@id\":\"https:\\\/\\\/apjd-rdc.org\\\/index.php\\\/2026\\\/07\\\/31\\\/communique-de-presse-n-004-apjd-cn-2026\\\/#primaryimage\"},\"image\":{\"@id\":\"https:\\\/\\\/apjd-rdc.org\\\/index.php\\\/2026\\\/07\\\/31\\\/communique-de-presse-n-004-apjd-cn-2026\\\/#primaryimage\"},\"thumbnailUrl\":\"https:\\\/\\\/apjd-rdc.org\\\/wp-content\\\/uploads\\\/2026\\\/07\\\/cropped-LOGO-222-1.jpg\",\"datePublished\":\"2026-07-31T07:45:43+00:00\",\"dateModified\":\"2026-07-31T08:20:36+00:00\",\"breadcrumb\":{\"@id\":\"https:\\\/\\\/apjd-rdc.org\\\/index.php\\\/2026\\\/07\\\/31\\\/communique-de-presse-n-004-apjd-cn-2026\\\/#breadcrumb\"},\"inLanguage\":\"fr-FR\",\"potentialAction\":[{\"@type\":\"ReadAction\",\"target\":[\"https:\\\/\\\/apjd-rdc.org\\\/index.php\\\/2026\\\/07\\\/31\\\/communique-de-presse-n-004-apjd-cn-2026\\\/\"]}]},{\"@type\":\"ImageObject\",\"inLanguage\":\"fr-FR\",\"@id\":\"https:\\\/\\\/apjd-rdc.org\\\/index.php\\\/2026\\\/07\\\/31\\\/communique-de-presse-n-004-apjd-cn-2026\\\/#primaryimage\",\"url\":\"https:\\\/\\\/apjd-rdc.org\\\/wp-content\\\/uploads\\\/2026\\\/07\\\/cropped-LOGO-222-1.jpg\",\"contentUrl\":\"https:\\\/\\\/apjd-rdc.org\\\/wp-content\\\/uploads\\\/2026\\\/07\\\/cropped-LOGO-222-1.jpg\",\"width\":512,\"height\":512},{\"@type\":\"BreadcrumbList\",\"@id\":\"https:\\\/\\\/apjd-rdc.org\\\/index.php\\\/2026\\\/07\\\/31\\\/communique-de-presse-n-004-apjd-cn-2026\\\/#breadcrumb\",\"itemListElement\":[{\"@type\":\"ListItem\",\"position\":1,\"name\":\"Home\",\"item\":\"https:\\\/\\\/apjd-rdc.org\\\/\"},{\"@type\":\"ListItem\",\"position\":2,\"name\":\"COMMUNIQU\u00c9 DE PRESSE N\u00b0 004\\\/APJD\\\/CN\\\/2026\"}]},{\"@type\":\"WebSite\",\"@id\":\"https:\\\/\\\/apjd-rdc.org\\\/#website\",\"url\":\"https:\\\/\\\/apjd-rdc.org\\\/\",\"name\":\"apjd-rdc.org\",\"description\":\"APJD\",\"publisher\":{\"@id\":\"https:\\\/\\\/apjd-rdc.org\\\/#organization\"},\"potentialAction\":[{\"@type\":\"SearchAction\",\"target\":{\"@type\":\"EntryPoint\",\"urlTemplate\":\"https:\\\/\\\/apjd-rdc.org\\\/?s={search_term_string}\"},\"query-input\":{\"@type\":\"PropertyValueSpecification\",\"valueRequired\":true,\"valueName\":\"search_term_string\"}}],\"inLanguage\":\"fr-FR\"},{\"@type\":\"Organization\",\"@id\":\"https:\\\/\\\/apjd-rdc.org\\\/#organization\",\"name\":\"apjd-rdc.\",\"url\":\"https:\\\/\\\/apjd-rdc.org\\\/\",\"logo\":{\"@type\":\"ImageObject\",\"inLanguage\":\"fr-FR\",\"@id\":\"https:\\\/\\\/apjd-rdc.org\\\/#\\\/schema\\\/logo\\\/image\\\/\",\"url\":\"https:\\\/\\\/apjd-rdc.org\\\/wp-content\\\/uploads\\\/2026\\\/07\\\/cropped-LOGO-222.jpg\",\"contentUrl\":\"https:\\\/\\\/apjd-rdc.org\\\/wp-content\\\/uploads\\\/2026\\\/07\\\/cropped-LOGO-222.jpg\",\"width\":428,\"height\":428,\"caption\":\"apjd-rdc.\"},\"image\":{\"@id\":\"https:\\\/\\\/apjd-rdc.org\\\/#\\\/schema\\\/logo\\\/image\\\/\"}},{\"@type\":\"Person\",\"@id\":\"https:\\\/\\\/apjd-rdc.org\\\/#\\\/schema\\\/person\\\/087d0fd3395b171e56b921bd96342e7a\",\"name\":\"admin\",\"image\":{\"@type\":\"ImageObject\",\"inLanguage\":\"fr-FR\",\"@id\":\"https:\\\/\\\/secure.gravatar.com\\\/avatar\\\/9be69596dfddebc359b7fd1d360afb0ea10af680eddae621b4b6b7509009965d?s=96&d=mm&r=g\",\"url\":\"https:\\\/\\\/secure.gravatar.com\\\/avatar\\\/9be69596dfddebc359b7fd1d360afb0ea10af680eddae621b4b6b7509009965d?s=96&d=mm&r=g\",\"contentUrl\":\"https:\\\/\\\/secure.gravatar.com\\\/avatar\\\/9be69596dfddebc359b7fd1d360afb0ea10af680eddae621b4b6b7509009965d?s=96&d=mm&r=g\",\"caption\":\"admin\"},\"sameAs\":[\"https:\\\/\\\/apjd-rdc.org\"],\"url\":\"https:\\\/\\\/apjd-rdc.org\\\/index.php\\\/author\\\/admin\\\/\"}]}<\/script>\n<!-- \/ Yoast SEO plugin. -->","yoast_head_json":{"title":"COMMUNIQU\u00c9 DE PRESSE N\u00b0 004\/APJD\/CN\/2026 - ASSOCIATION AFRICAINE POUR LA PAIX, LA JUSTICE ET LE DEVELOPPEMENT","robots":{"index":"index","follow":"follow","max-snippet":"max-snippet:-1","max-image-preview":"max-image-preview:large","max-video-preview":"max-video-preview:-1"},"canonical":"https:\/\/apjd-rdc.org\/index.php\/2026\/07\/31\/communique-de-presse-n-004-apjd-cn-2026\/","og_locale":"fr_FR","og_type":"article","og_title":"COMMUNIQU\u00c9 DE PRESSE N\u00b0 004\/APJD\/CN\/2026 - ASSOCIATION AFRICAINE POUR LA PAIX, LA JUSTICE ET LE DEVELOPPEMENT","og_description":"Objet : Le dialogue national inclusif : un imp\u00e9ratif patriotique pour surmonter la crise en R\u00e9publique D\u00e9mocratique du Congo L\u2019Association Africaine pour la Paix, la Justice et le D\u00e9veloppement (APJD) suit avec une attention soutenue les r\u00e9centes prises de position des forces politiques et sociales relatives \u00e0 la tenue d'un Dialogue inclusif en R\u00e9publique D\u00e9mocratique [&hellip;]","og_url":"https:\/\/apjd-rdc.org\/index.php\/2026\/07\/31\/communique-de-presse-n-004-apjd-cn-2026\/","og_site_name":"ASSOCIATION AFRICAINE POUR LA PAIX, LA JUSTICE ET LE DEVELOPPEMENT","article_published_time":"2026-07-31T07:45:43+00:00","article_modified_time":"2026-07-31T08:20:36+00:00","og_image":[{"width":512,"height":512,"url":"https:\/\/apjd-rdc.org\/wp-content\/uploads\/2026\/07\/cropped-LOGO-222-1.jpg","type":"image\/jpeg"}],"author":"admin","twitter_card":"summary_large_image","twitter_misc":{"\u00c9crit par":"admin","Dur\u00e9e de lecture estim\u00e9e":"2 minutes"},"schema":{"@context":"https:\/\/schema.org","@graph":[{"@type":"Article","@id":"https:\/\/apjd-rdc.org\/index.php\/2026\/07\/31\/communique-de-presse-n-004-apjd-cn-2026\/#article","isPartOf":{"@id":"https:\/\/apjd-rdc.org\/index.php\/2026\/07\/31\/communique-de-presse-n-004-apjd-cn-2026\/"},"author":{"name":"admin","@id":"https:\/\/apjd-rdc.org\/#\/schema\/person\/087d0fd3395b171e56b921bd96342e7a"},"headline":"COMMUNIQU\u00c9 DE PRESSE N\u00b0 004\/APJD\/CN\/2026","datePublished":"2026-07-31T07:45:43+00:00","dateModified":"2026-07-31T08:20:36+00:00","mainEntityOfPage":{"@id":"https:\/\/apjd-rdc.org\/index.php\/2026\/07\/31\/communique-de-presse-n-004-apjd-cn-2026\/"},"wordCount":268,"commentCount":1,"publisher":{"@id":"https:\/\/apjd-rdc.org\/#organization"},"image":{"@id":"https:\/\/apjd-rdc.org\/index.php\/2026\/07\/31\/communique-de-presse-n-004-apjd-cn-2026\/#primaryimage"},"thumbnailUrl":"https:\/\/apjd-rdc.org\/wp-content\/uploads\/2026\/07\/cropped-LOGO-222-1.jpg","articleSection":["PUBLICATION"],"inLanguage":"fr-FR","potentialAction":[{"@type":"CommentAction","name":"Comment","target":["https:\/\/apjd-rdc.org\/index.php\/2026\/07\/31\/communique-de-presse-n-004-apjd-cn-2026\/#respond"]}]},{"@type":"WebPage","@id":"https:\/\/apjd-rdc.org\/index.php\/2026\/07\/31\/communique-de-presse-n-004-apjd-cn-2026\/","url":"https:\/\/apjd-rdc.org\/index.php\/2026\/07\/31\/communique-de-presse-n-004-apjd-cn-2026\/","name":"COMMUNIQU\u00c9 DE PRESSE N\u00b0 004\/APJD\/CN\/2026 - ASSOCIATION AFRICAINE POUR LA PAIX, LA JUSTICE ET LE DEVELOPPEMENT","isPartOf":{"@id":"https:\/\/apjd-rdc.org\/#website"},"primaryImageOfPage":{"@id":"https:\/\/apjd-rdc.org\/index.php\/2026\/07\/31\/communique-de-presse-n-004-apjd-cn-2026\/#primaryimage"},"image":{"@id":"https:\/\/apjd-rdc.org\/index.php\/2026\/07\/31\/communique-de-presse-n-004-apjd-cn-2026\/#primaryimage"},"thumbnailUrl":"https:\/\/apjd-rdc.org\/wp-content\/uploads\/2026\/07\/cropped-LOGO-222-1.jpg","datePublished":"2026-07-31T07:45:43+00:00","dateModified":"2026-07-31T08:20:36+00:00","breadcrumb":{"@id":"https:\/\/apjd-rdc.org\/index.php\/2026\/07\/31\/communique-de-presse-n-004-apjd-cn-2026\/#breadcrumb"},"inLanguage":"fr-FR","potentialAction":[{"@type":"ReadAction","target":["https:\/\/apjd-rdc.org\/index.php\/2026\/07\/31\/communique-de-presse-n-004-apjd-cn-2026\/"]}]},{"@type":"ImageObject","inLanguage":"fr-FR","@id":"https:\/\/apjd-rdc.org\/index.php\/2026\/07\/31\/communique-de-presse-n-004-apjd-cn-2026\/#primaryimage","url":"https:\/\/apjd-rdc.org\/wp-content\/uploads\/2026\/07\/cropped-LOGO-222-1.jpg","contentUrl":"https:\/\/apjd-rdc.org\/wp-content\/uploads\/2026\/07\/cropped-LOGO-222-1.jpg","width":512,"height":512},{"@type":"BreadcrumbList","@id":"https:\/\/apjd-rdc.org\/index.php\/2026\/07\/31\/communique-de-presse-n-004-apjd-cn-2026\/#breadcrumb","itemListElement":[{"@type":"ListItem","position":1,"name":"Home","item":"https:\/\/apjd-rdc.org\/"},{"@type":"ListItem","position":2,"name":"COMMUNIQU\u00c9 DE PRESSE N\u00b0 004\/APJD\/CN\/2026"}]},{"@type":"WebSite","@id":"https:\/\/apjd-rdc.org\/#website","url":"https:\/\/apjd-rdc.org\/","name":"apjd-rdc.org","description":"APJD","publisher":{"@id":"https:\/\/apjd-rdc.org\/#organization"},"potentialAction":[{"@type":"SearchAction","target":{"@type":"EntryPoint","urlTemplate":"https:\/\/apjd-rdc.org\/?s={search_term_string}"},"query-input":{"@type":"PropertyValueSpecification","valueRequired":true,"valueName":"search_term_string"}}],"inLanguage":"fr-FR"},{"@type":"Organization","@id":"https:\/\/apjd-rdc.org\/#organization","name":"apjd-rdc.","url":"https:\/\/apjd-rdc.org\/","logo":{"@type":"ImageObject","inLanguage":"fr-FR","@id":"https:\/\/apjd-rdc.org\/#\/schema\/logo\/image\/","url":"https:\/\/apjd-rdc.org\/wp-content\/uploads\/2026\/07\/cropped-LOGO-222.jpg","contentUrl":"https:\/\/apjd-rdc.org\/wp-content\/uploads\/2026\/07\/cropped-LOGO-222.jpg","width":428,"height":428,"caption":"apjd-rdc."},"image":{"@id":"https:\/\/apjd-rdc.org\/#\/schema\/logo\/image\/"}},{"@type":"Person","@id":"https:\/\/apjd-rdc.org\/#\/schema\/person\/087d0fd3395b171e56b921bd96342e7a","name":"admin","image":{"@type":"ImageObject","inLanguage":"fr-FR","@id":"https:\/\/secure.gravatar.com\/avatar\/9be69596dfddebc359b7fd1d360afb0ea10af680eddae621b4b6b7509009965d?s=96&d=mm&r=g","url":"https:\/\/secure.gravatar.com\/avatar\/9be69596dfddebc359b7fd1d360afb0ea10af680eddae621b4b6b7509009965d?s=96&d=mm&r=g","contentUrl":"https:\/\/secure.gravatar.com\/avatar\/9be69596dfddebc359b7fd1d360afb0ea10af680eddae621b4b6b7509009965d?s=96&d=mm&r=g","caption":"admin"},"sameAs":["https:\/\/apjd-rdc.org"],"url":"https:\/\/apjd-rdc.org\/index.php\/author\/admin\/"}]}},"_links":{"self":[{"href":"https:\/\/apjd-rdc.org\/index.php\/wp-json\/wp\/v2\/posts\/234","targetHints":{"allow":["GET"]}}],"collection":[{"href":"https:\/\/apjd-rdc.org\/index.php\/wp-json\/wp\/v2\/posts"}],"about":[{"href":"https:\/\/apjd-rdc.org\/index.php\/wp-json\/wp\/v2\/types\/post"}],"author":[{"embeddable":true,"href":"https:\/\/apjd-rdc.org\/index.php\/wp-json\/wp\/v2\/users\/1"}],"replies":[{"embeddable":true,"href":"https:\/\/apjd-rdc.org\/index.php\/wp-json\/wp\/v2\/comments?post=234"}],"version-history":[{"count":3,"href":"https:\/\/apjd-rdc.org\/index.php\/wp-json\/wp\/v2\/posts\/234\/revisions"}],"predecessor-version":[{"id":239,"href":"https:\/\/apjd-rdc.org\/index.php\/wp-json\/wp\/v2\/posts\/234\/revisions\/239"}],"wp:featuredmedia":[{"embeddable":true,"href":"https:\/\/apjd-rdc.org\/index.php\/wp-json\/wp\/v2\/media\/108"}],"wp:attachment":[{"href":"https:\/\/apjd-rdc.org\/index.php\/wp-json\/wp\/v2\/media?parent=234"}],"wp:term":[{"taxonomy":"category","embeddable":true,"href":"https:\/\/apjd-rdc.org\/index.php\/wp-json\/wp\/v2\/categories?post=234"},{"taxonomy":"post_tag","embeddable":true,"href":"https:\/\/apjd-rdc.org\/index.php\/wp-json\/wp\/v2\/tags?post=234"}],"curies":[{"name":"wp","href":"https:\/\/api.w.org\/{rel}","templated":true}]}}